{"id":23199,"date":"2011-07-27T09:47:00","date_gmt":"2011-07-27T09:47:00","guid":{"rendered":"http:\/\/localhost:81\/wp1\/?p=23199"},"modified":"2011-07-27T09:47:00","modified_gmt":"2011-07-27T09:47:00","slug":"plano-de-equipamentos-da-frente-maritima-da-costa-nova-em-revisao","status":"publish","type":"post","link":"https:\/\/sites.ecclesia.pt\/cv\/plano-de-equipamentos-da-frente-maritima-da-costa-nova-em-revisao\/","title":{"rendered":"Plano de Equipamentos da Frente Mar\u00edtima da Costa Nova em revis\u00e3o"},"content":{"rendered":"<p>Breve <!--more--> O executivo municipal ilhavense aprovou a execu\u00e7\u00e3o do Plano de Pormenor da \u00c1rea de Equipamentos da Frente Mar\u00edtima da Costa Nova, dando seguimento ao programa de equipamentos e infra-estruturas que tem vindo a executar naquele aglomerado urbano. O Plano de Pormenor ser\u00e1 desenvolvido por uma equipa interna da C\u00e2mara de \u00cdlhavo, num prazo de 60 dias, perspectivando-se uma ocupa\u00e7\u00e3o muito reduzida do espa\u00e7o em causa com alguns equipamentos p\u00fablicos e a valoriza\u00e7\u00e3o ambiental de toda a \u00e1rea.<\/p>\n","protected":false},"excerpt":{"rendered":"<p>Breve<\/p>\n","protected":false},"author":1,"featured_media":0,"comment_status":"open","ping_status":"open","sticky":false,"template":"","format":"standard","meta":{"footnotes":""},"categories":[45],"tags":[],"class_list":["post-23199","post","type-post","status-publish","format-standard","hentry","category-regioes"],"_links":{"self":[{"href":"https:\/\/sites.ecclesia.pt\/cv\/wp-json\/wp\/v2\/posts\/23199","targetHints":{"allow":["GET"]}}],"collection":[{"href":"https:\/\/sites.ecclesia.pt\/cv\/wp-json\/wp\/v2\/posts"}],"about":[{"href":"https:\/\/sites.ecclesia.pt\/cv\/wp-json\/wp\/v2\/types\/post"}],"author":[{"embeddable":true,"href":"https:\/\/sites.ecclesia.pt\/cv\/wp-json\/wp\/v2\/users\/1"}],"replies":[{"embeddable":true,"href":"https:\/\/sites.ecclesia.pt\/cv\/wp-json\/wp\/v2\/comments?post=23199"}],"version-history":[{"count":0,"href":"https:\/\/sites.ecclesia.pt\/cv\/wp-json\/wp\/v2\/posts\/23199\/revisions"}],"wp:attachment":[{"href":"https:\/\/sites.ecclesia.pt\/cv\/wp-json\/wp\/v2\/media?parent=23199"}],"wp:term":[{"taxonomy":"category","embeddable":true,"href":"https:\/\/sites.ecclesia.pt\/cv\/wp-json\/wp\/v2\/categories?post=23199"},{"taxonomy":"post_tag","embeddable":true,"href":"https:\/\/sites.ecclesia.pt\/cv\/wp-json\/wp\/v2\/tags?post=23199"}],"curies":[{"name":"wp","href":"https:\/\/api.w.org\/{rel}","templated":true}]}}