{"id":23367,"date":"2012-01-04T17:22:00","date_gmt":"2012-01-04T17:22:00","guid":{"rendered":"http:\/\/localhost:81\/wp1\/?p=23367"},"modified":"2012-01-04T17:22:00","modified_gmt":"2012-01-04T17:22:00","slug":"o-concelho-de-estarreja-integra-arquivo-municipal","status":"publish","type":"post","link":"https:\/\/sites.ecclesia.pt\/cv\/o-concelho-de-estarreja-integra-arquivo-municipal\/","title":{"rendered":"&#8220;O Concelho de Estarreja&#8221; integra Arquivo Municipal"},"content":{"rendered":"<p>Breve <!--more--> A colec\u00e7\u00e3o do jornal \u201cO Concelho de Estarreja\u201d foi depositada no Arquivo Municipal de Estarreja, conforme o protocolo assinado em 16 de Dezembro pelo presidente da C\u00e2mara Municipal de Estarreja, Jos\u00e9 Eduardo de Matos, e por Jo\u00e3o Sousa Mota, administrador e herdeiro do jornal.<\/p>\n<p>O protocolo prev\u00ea o tratamento arquiv\u00edstico, digitaliza\u00e7\u00e3o, conserva\u00e7\u00e3o e divulga\u00e7\u00e3o de toda a colec\u00e7\u00e3o de jornais, em suporte papel, dos n\u00fameros publicados entre 1 de Outubro de 1901 e 31 de Dezembro de 2011.<\/p>\n","protected":false},"excerpt":{"rendered":"<p>Breve<\/p>\n","protected":false},"author":1,"featured_media":0,"comment_status":"open","ping_status":"open","sticky":false,"template":"","format":"standard","meta":{"footnotes":""},"categories":[45],"tags":[],"class_list":["post-23367","post","type-post","status-publish","format-standard","hentry","category-regioes"],"_links":{"self":[{"href":"https:\/\/sites.ecclesia.pt\/cv\/wp-json\/wp\/v2\/posts\/23367","targetHints":{"allow":["GET"]}}],"collection":[{"href":"https:\/\/sites.ecclesia.pt\/cv\/wp-json\/wp\/v2\/posts"}],"about":[{"href":"https:\/\/sites.ecclesia.pt\/cv\/wp-json\/wp\/v2\/types\/post"}],"author":[{"embeddable":true,"href":"https:\/\/sites.ecclesia.pt\/cv\/wp-json\/wp\/v2\/users\/1"}],"replies":[{"embeddable":true,"href":"https:\/\/sites.ecclesia.pt\/cv\/wp-json\/wp\/v2\/comments?post=23367"}],"version-history":[{"count":0,"href":"https:\/\/sites.ecclesia.pt\/cv\/wp-json\/wp\/v2\/posts\/23367\/revisions"}],"wp:attachment":[{"href":"https:\/\/sites.ecclesia.pt\/cv\/wp-json\/wp\/v2\/media?parent=23367"}],"wp:term":[{"taxonomy":"category","embeddable":true,"href":"https:\/\/sites.ecclesia.pt\/cv\/wp-json\/wp\/v2\/categories?post=23367"},{"taxonomy":"post_tag","embeddable":true,"href":"https:\/\/sites.ecclesia.pt\/cv\/wp-json\/wp\/v2\/tags?post=23367"}],"curies":[{"name":"wp","href":"https:\/\/api.w.org\/{rel}","templated":true}]}}