{"id":23494,"date":"2011-11-16T10:45:00","date_gmt":"2011-11-16T10:45:00","guid":{"rendered":"http:\/\/localhost:81\/wp1\/?p=23494"},"modified":"2011-11-16T10:45:00","modified_gmt":"2011-11-16T10:45:00","slug":"murtosa-realoja-51-familias-carenciadas","status":"publish","type":"post","link":"https:\/\/sites.ecclesia.pt\/cv\/murtosa-realoja-51-familias-carenciadas\/","title":{"rendered":"Murtosa realoja 51 fam\u00edlias carenciadas"},"content":{"rendered":"<p>Na sequ\u00eancia do acordo assinado com o Instituto da Habita\u00e7\u00e3o e da Reabilita\u00e7\u00e3o Urbana (IHRU), a C\u00e2mara Municipal da Murtosa iniciou o realojamento de 51 fam\u00edlias carenciadas da Torreira, ac\u00e7\u00e3o que se insere num programa mais vasto, no \u00e2mbito daquele acordo, que prev\u00ea dar resposta habitacional a 141 agregados do concelho.<\/p>\n<p>As fam\u00edlias est\u00e3o a ser realojadas nos 35 fogos na Rua do Areal, nos oito fogos na Rua Henrique Jos\u00e9 Tavares J\u00fanior e nos oito fogos na Rua dos Salvadores do Nathalie, constru\u00eddos pela C\u00e2mara Municipal, num investimento que ascendeu a mais de dois milh\u00f5es e meio de euros.<\/p>\n<p>O realojamento vai permitir a requalifica\u00e7\u00e3o urbana do designado \u201cBairro Social\u201d, na Torreira, tendo-se iniciado j\u00e1 a demoli\u00e7\u00e3o das constru\u00e7\u00f5es actualmente existentes, de modo a possibilitar a edifica\u00e7\u00e3o de mais fogos de habita\u00e7\u00e3o social e a atribui\u00e7\u00e3o de lotes de auto-constru\u00e7\u00e3o a fam\u00edlias carenciadas, no sentido destas liderarem o processo de constru\u00e7\u00e3o da sua pr\u00f3pria habita\u00e7\u00e3o.<\/p>\n","protected":false},"excerpt":{"rendered":"<p>Na sequ\u00eancia do acordo assinado com o Instituto da Habita\u00e7\u00e3o e da Reabilita\u00e7\u00e3o Urbana (IHRU), a C\u00e2mara Municipal da Murtosa iniciou o realojamento de 51 fam\u00edlias carenciadas da Torreira, ac\u00e7\u00e3o que se insere num programa mais vasto, no \u00e2mbito daquele acordo, que prev\u00ea dar resposta habitacional a 141 agregados do concelho. As fam\u00edlias est\u00e3o a [&hellip;]<\/p>\n","protected":false},"author":1,"featured_media":0,"comment_status":"open","ping_status":"open","sticky":false,"template":"","format":"standard","meta":{"footnotes":""},"categories":[45],"tags":[],"class_list":["post-23494","post","type-post","status-publish","format-standard","hentry","category-regioes"],"_links":{"self":[{"href":"https:\/\/sites.ecclesia.pt\/cv\/wp-json\/wp\/v2\/posts\/23494","targetHints":{"allow":["GET"]}}],"collection":[{"href":"https:\/\/sites.ecclesia.pt\/cv\/wp-json\/wp\/v2\/posts"}],"about":[{"href":"https:\/\/sites.ecclesia.pt\/cv\/wp-json\/wp\/v2\/types\/post"}],"author":[{"embeddable":true,"href":"https:\/\/sites.ecclesia.pt\/cv\/wp-json\/wp\/v2\/users\/1"}],"replies":[{"embeddable":true,"href":"https:\/\/sites.ecclesia.pt\/cv\/wp-json\/wp\/v2\/comments?post=23494"}],"version-history":[{"count":0,"href":"https:\/\/sites.ecclesia.pt\/cv\/wp-json\/wp\/v2\/posts\/23494\/revisions"}],"wp:attachment":[{"href":"https:\/\/sites.ecclesia.pt\/cv\/wp-json\/wp\/v2\/media?parent=23494"}],"wp:term":[{"taxonomy":"category","embeddable":true,"href":"https:\/\/sites.ecclesia.pt\/cv\/wp-json\/wp\/v2\/categories?post=23494"},{"taxonomy":"post_tag","embeddable":true,"href":"https:\/\/sites.ecclesia.pt\/cv\/wp-json\/wp\/v2\/tags?post=23494"}],"curies":[{"name":"wp","href":"https:\/\/api.w.org\/{rel}","templated":true}]}}