{"id":23553,"date":"2012-02-09T10:16:00","date_gmt":"2012-02-09T10:16:00","guid":{"rendered":"http:\/\/localhost:81\/wp1\/?p=23553"},"modified":"2012-02-09T10:16:00","modified_gmt":"2012-02-09T10:16:00","slug":"encontro-do-movimento-vida-ascendente-4","status":"publish","type":"post","link":"https:\/\/sites.ecclesia.pt\/cv\/encontro-do-movimento-vida-ascendente-4\/","title":{"rendered":"Encontro do movimento Vida Ascendente"},"content":{"rendered":"<p>Realiza-se no dia 15 de fevereiro, pelas 15h, no Semin\u00e1rio de St.\u00aa Joana Princesa, a reuni\u00e3o mensal dos v\u00e1rios grupos do Movimento Crist\u00e3o de Reformados \u2013 Vida Ascendente. Inicia-se com um momento de reflex\u00e3o e espiritualidade orientado por D. Ant\u00f3nio Marcelino, segue-se a Eucaristia e o momento de encontro entre todos os membros.<\/p>\n<p>O Movimento Vida Ascendente est\u00e1 aberto a todos os crist\u00e3os reformados que pretendam, em grupo, aprender a arte de envelhecer.<\/p>\n","protected":false},"excerpt":{"rendered":"<p>Realiza-se no dia 15 de fevereiro, pelas 15h, no Semin\u00e1rio de St.\u00aa Joana Princesa, a reuni\u00e3o mensal dos v\u00e1rios grupos do Movimento Crist\u00e3o de Reformados \u2013 Vida Ascendente. Inicia-se com um momento de reflex\u00e3o e espiritualidade orientado por D. Ant\u00f3nio Marcelino, segue-se a Eucaristia e o momento de encontro entre todos os membros. O Movimento [&hellip;]<\/p>\n","protected":false},"author":1,"featured_media":0,"comment_status":"open","ping_status":"open","sticky":false,"template":"","format":"standard","meta":{"footnotes":""},"categories":[70],"tags":[],"class_list":["post-23553","post","type-post","status-publish","format-standard","hentry","category-diocese"],"_links":{"self":[{"href":"https:\/\/sites.ecclesia.pt\/cv\/wp-json\/wp\/v2\/posts\/23553","targetHints":{"allow":["GET"]}}],"collection":[{"href":"https:\/\/sites.ecclesia.pt\/cv\/wp-json\/wp\/v2\/posts"}],"about":[{"href":"https:\/\/sites.ecclesia.pt\/cv\/wp-json\/wp\/v2\/types\/post"}],"author":[{"embeddable":true,"href":"https:\/\/sites.ecclesia.pt\/cv\/wp-json\/wp\/v2\/users\/1"}],"replies":[{"embeddable":true,"href":"https:\/\/sites.ecclesia.pt\/cv\/wp-json\/wp\/v2\/comments?post=23553"}],"version-history":[{"count":0,"href":"https:\/\/sites.ecclesia.pt\/cv\/wp-json\/wp\/v2\/posts\/23553\/revisions"}],"wp:attachment":[{"href":"https:\/\/sites.ecclesia.pt\/cv\/wp-json\/wp\/v2\/media?parent=23553"}],"wp:term":[{"taxonomy":"category","embeddable":true,"href":"https:\/\/sites.ecclesia.pt\/cv\/wp-json\/wp\/v2\/categories?post=23553"},{"taxonomy":"post_tag","embeddable":true,"href":"https:\/\/sites.ecclesia.pt\/cv\/wp-json\/wp\/v2\/tags?post=23553"}],"curies":[{"name":"wp","href":"https:\/\/api.w.org\/{rel}","templated":true}]}}