{"id":23554,"date":"2012-02-09T10:24:00","date_gmt":"2012-02-09T10:24:00","guid":{"rendered":"http:\/\/localhost:81\/wp1\/?p=23554"},"modified":"2012-02-09T10:24:00","modified_gmt":"2012-02-09T10:24:00","slug":"rostos-e-palavras-18","status":"publish","type":"post","link":"https:\/\/sites.ecclesia.pt\/cv\/rostos-e-palavras-18\/","title":{"rendered":"Rostos e Palavras"},"content":{"rendered":"<p>\u201cSem um conjunto de reformas no ensino superior, que tenham a ver com a racionaliza\u00e7\u00e3o da rede e com a lei do financiamento\u201d, a universidade \u201ccorre o risco de perder a sua capacidade competitiva no contexto europeu e internacional\u201d.<\/p>\n<p>Manuel Braga da Cruz, reitor da Universidade Cat\u00f3lica Portuguesa, na sess\u00e3o solene comemorativa do dia nacional da UCP, realizada na sexta-feira passada em Lisboa. Entre outros, esteve presente o secret\u00e1rio de Estado do Ensino Superior, Jo\u00e3o Filipe Queir\u00f3.<\/p>\n","protected":false},"excerpt":{"rendered":"<p>\u201cSem um conjunto de reformas no ensino superior, que tenham a ver com a racionaliza\u00e7\u00e3o da rede e com a lei do financiamento\u201d, a universidade \u201ccorre o risco de perder a sua capacidade competitiva no contexto europeu e internacional\u201d. Manuel Braga da Cruz, reitor da Universidade Cat\u00f3lica Portuguesa, na sess\u00e3o solene comemorativa do dia nacional [&hellip;]<\/p>\n","protected":false},"author":1,"featured_media":0,"comment_status":"open","ping_status":"open","sticky":false,"template":"","format":"standard","meta":{"footnotes":""},"categories":[53],"tags":[],"class_list":["post-23554","post","type-post","status-publish","format-standard","hentry","category-igreja-em-portugal"],"_links":{"self":[{"href":"https:\/\/sites.ecclesia.pt\/cv\/wp-json\/wp\/v2\/posts\/23554","targetHints":{"allow":["GET"]}}],"collection":[{"href":"https:\/\/sites.ecclesia.pt\/cv\/wp-json\/wp\/v2\/posts"}],"about":[{"href":"https:\/\/sites.ecclesia.pt\/cv\/wp-json\/wp\/v2\/types\/post"}],"author":[{"embeddable":true,"href":"https:\/\/sites.ecclesia.pt\/cv\/wp-json\/wp\/v2\/users\/1"}],"replies":[{"embeddable":true,"href":"https:\/\/sites.ecclesia.pt\/cv\/wp-json\/wp\/v2\/comments?post=23554"}],"version-history":[{"count":0,"href":"https:\/\/sites.ecclesia.pt\/cv\/wp-json\/wp\/v2\/posts\/23554\/revisions"}],"wp:attachment":[{"href":"https:\/\/sites.ecclesia.pt\/cv\/wp-json\/wp\/v2\/media?parent=23554"}],"wp:term":[{"taxonomy":"category","embeddable":true,"href":"https:\/\/sites.ecclesia.pt\/cv\/wp-json\/wp\/v2\/categories?post=23554"},{"taxonomy":"post_tag","embeddable":true,"href":"https:\/\/sites.ecclesia.pt\/cv\/wp-json\/wp\/v2\/tags?post=23554"}],"curies":[{"name":"wp","href":"https:\/\/api.w.org\/{rel}","templated":true}]}}