{"id":23609,"date":"2012-05-16T15:52:00","date_gmt":"2012-05-16T15:52:00","guid":{"rendered":"http:\/\/localhost:81\/wp1\/?p=23609"},"modified":"2012-05-16T15:52:00","modified_gmt":"2012-05-16T15:52:00","slug":"na-imprensa-176","status":"publish","type":"post","link":"https:\/\/sites.ecclesia.pt\/cv\/na-imprensa-176\/","title":{"rendered":"Na Imprensa"},"content":{"rendered":"<p>No que diz respeito a Portugal, que h\u00e1 muito deixou de depender da racionalidade para aguardar um milagre ou dois, tenho d\u00favidas. A nossa condi\u00e7\u00e3o, particularmente exposta \u00e0s consequ\u00eancias de uma rutura in\u00e9dita [os gregos sa\u00edrem do euro], n\u00e3o augura um futuro risonho no meio de turbul\u00eancias adicionais. Donde n\u00e3o vale a pena vermo-nos gregos. Sermos portugueses j\u00e1 \u00e9 cruz suficiente.<\/p>\n<p>Alberto Gon\u00e7alves<\/p>\n<p>Di\u00e1rio de Not\u00edcias, 13-05-2012<\/p>\n<p>O beco onde nos encontramos exige que os partidos inovem no discurso e sejam empreendedores nas solu\u00e7\u00f5es que prop\u00f5em. A hist\u00f3ria do pa\u00eds que somos tem tanto de fado como de risco. Deixemos o fado para ser cantado e assumamos o risco como fator de sucesso. Sem medo de errar, mas com vontade de fazer, a sorte h\u00e1 de chegar. Ela existe onde existe trabalho, onde existe risco, onde existe ambi\u00e7\u00e3o, onde existe solidariedade. N\u00e3o vale a pena procur\u00e1-la no \u00f3cio, na certeza, no medo e, menos ainda, na inveja. A sorte pode at\u00e9 sorrir na mediocridade, mas t\u00e3o depressa chega, como r\u00e1pido se vai embora.<\/p>\n<p>Paulo Baldaia<\/p>\n<p>Di\u00e1rio de Not\u00edcias, 13-05-2012<\/p>\n<p>Portugal tem hoje a gera\u00e7\u00e3o mais bem preparada de sempre, com o n\u00edvel de forma\u00e7\u00e3o mais elevado que alguma vez conseguiu alcan\u00e7ar, tanto na \u00e1rea t\u00e9cnica e cient\u00edfica como nas humanidades.<\/p>\n<p>Paulo Pisco<\/p>\n<p>P\u00fablico, 13-05-2012<\/p>\n<p>Ser grande, tornando os outros pequenos, \u00e9 preparar a pr\u00f3pria ru\u00edna. No entanto, ainda vai levar tempo a compreender que domina\u00e7\u00e3o n\u00e3o \u00e9 poder. O verdadeiro poder \u00e9 uma especial capacidade de servir, de tornar as pessoas mais pessoas e n\u00e3o as reduzir a n\u00famero ou mercadorias.<\/p>\n<p>Bento Domingues<\/p>\n<p>P\u00fablico, 13-05-2012<\/p>\n","protected":false},"excerpt":{"rendered":"<p>No que diz respeito a Portugal, que h\u00e1 muito deixou de depender da racionalidade para aguardar um milagre ou dois, tenho d\u00favidas. A nossa condi\u00e7\u00e3o, particularmente exposta \u00e0s consequ\u00eancias de uma rutura in\u00e9dita [os gregos sa\u00edrem do euro], n\u00e3o augura um futuro risonho no meio de turbul\u00eancias adicionais. Donde n\u00e3o vale a pena vermo-nos gregos. [&hellip;]<\/p>\n","protected":false},"author":1,"featured_media":0,"comment_status":"open","ping_status":"open","sticky":false,"template":"","format":"standard","meta":{"footnotes":""},"categories":[62],"tags":[],"class_list":["post-23609","post","type-post","status-publish","format-standard","hentry","category-opiniao"],"_links":{"self":[{"href":"https:\/\/sites.ecclesia.pt\/cv\/wp-json\/wp\/v2\/posts\/23609","targetHints":{"allow":["GET"]}}],"collection":[{"href":"https:\/\/sites.ecclesia.pt\/cv\/wp-json\/wp\/v2\/posts"}],"about":[{"href":"https:\/\/sites.ecclesia.pt\/cv\/wp-json\/wp\/v2\/types\/post"}],"author":[{"embeddable":true,"href":"https:\/\/sites.ecclesia.pt\/cv\/wp-json\/wp\/v2\/users\/1"}],"replies":[{"embeddable":true,"href":"https:\/\/sites.ecclesia.pt\/cv\/wp-json\/wp\/v2\/comments?post=23609"}],"version-history":[{"count":0,"href":"https:\/\/sites.ecclesia.pt\/cv\/wp-json\/wp\/v2\/posts\/23609\/revisions"}],"wp:attachment":[{"href":"https:\/\/sites.ecclesia.pt\/cv\/wp-json\/wp\/v2\/media?parent=23609"}],"wp:term":[{"taxonomy":"category","embeddable":true,"href":"https:\/\/sites.ecclesia.pt\/cv\/wp-json\/wp\/v2\/categories?post=23609"},{"taxonomy":"post_tag","embeddable":true,"href":"https:\/\/sites.ecclesia.pt\/cv\/wp-json\/wp\/v2\/tags?post=23609"}],"curies":[{"name":"wp","href":"https:\/\/api.w.org\/{rel}","templated":true}]}}