{"id":23653,"date":"2012-05-16T15:36:00","date_gmt":"2012-05-16T15:36:00","guid":{"rendered":"http:\/\/localhost:81\/wp1\/?p=23653"},"modified":"2012-05-16T15:36:00","modified_gmt":"2012-05-16T15:36:00","slug":"mmi-assinala-dia-internacional-dos-museus-2","status":"publish","type":"post","link":"https:\/\/sites.ecclesia.pt\/cv\/mmi-assinala-dia-internacional-dos-museus-2\/","title":{"rendered":"MMI assinala Dia Internacional dos Museus"},"content":{"rendered":"<p>Sexta-feira e s\u00e1bado, o Museu Mar\u00edtimo de \u00cdlhavo (MMI) vai assinalar o Dia Internacional dos Museus, com um programa que come\u00e7a com um \u201cdia aberto\u201d em que as entradas no Museu Mar\u00edtimo de \u00cdlhavo e no Navio-Museu Santo Andr\u00e9 s\u00e3o gratuitas. Ainda na sexta-feira, pelas 18h, haver\u00e1 uma visita guiada ao Museu Mar\u00edtimo de \u00cdlhavo, que incluir\u00e1 o Museu, o Aqu\u00e1rio (ainda em obras) e o CIEMar-\u00cdlhavo, visita que se repetir\u00e1 no s\u00e1bado, pelas 15 horas.<\/p>\n<p> No s\u00e1bado, entre as 14h e as 19h, ter\u00e1 lugar uma demonstra\u00e7\u00e3o de Nautimodelismo (TEAM \u2013 Truques e Engenhocas, Associa\u00e7\u00e3o de Modelismo).<\/p>\n<p>Pelas 17h30 ter\u00e1 in\u00edcio a sess\u00e3o comemorativa, que inclui a inaugura\u00e7\u00e3o da exposi\u00e7\u00e3o \u201cModelos de Embarca\u00e7\u00f5es do MMI\u201d, a apresenta\u00e7\u00e3o do \u201cGuia Pr\u00e1tico de Prepara\u00e7\u00e3o de Algas Marinhas \u2013 Uma Cole\u00e7\u00e3o do Museu Mar\u00edtimo de \u00cdlhavo\u201d, de Am\u00e9rico Sim\u00f5es Teles (edi\u00e7\u00e3o p\u00f3stuma), a abertura na Sala das Conchas do MMI da exposi\u00e7\u00e3o permanente da cole\u00e7\u00e3o de algas e a assinatura de protocolo com a TEAM \u2013 Truques e Engenhocas, Associa\u00e7\u00e3o de Modelismo.<\/p>\n","protected":false},"excerpt":{"rendered":"<p>Sexta-feira e s\u00e1bado, o Museu Mar\u00edtimo de \u00cdlhavo (MMI) vai assinalar o Dia Internacional dos Museus, com um programa que come\u00e7a com um \u201cdia aberto\u201d em que as entradas no Museu Mar\u00edtimo de \u00cdlhavo e no Navio-Museu Santo Andr\u00e9 s\u00e3o gratuitas. Ainda na sexta-feira, pelas 18h, haver\u00e1 uma visita guiada ao Museu Mar\u00edtimo de \u00cdlhavo, [&hellip;]<\/p>\n","protected":false},"author":1,"featured_media":0,"comment_status":"open","ping_status":"open","sticky":false,"template":"","format":"standard","meta":{"footnotes":""},"categories":[67],"tags":[],"class_list":["post-23653","post","type-post","status-publish","format-standard","hentry","category-ver-ouvir-sair"],"_links":{"self":[{"href":"https:\/\/sites.ecclesia.pt\/cv\/wp-json\/wp\/v2\/posts\/23653","targetHints":{"allow":["GET"]}}],"collection":[{"href":"https:\/\/sites.ecclesia.pt\/cv\/wp-json\/wp\/v2\/posts"}],"about":[{"href":"https:\/\/sites.ecclesia.pt\/cv\/wp-json\/wp\/v2\/types\/post"}],"author":[{"embeddable":true,"href":"https:\/\/sites.ecclesia.pt\/cv\/wp-json\/wp\/v2\/users\/1"}],"replies":[{"embeddable":true,"href":"https:\/\/sites.ecclesia.pt\/cv\/wp-json\/wp\/v2\/comments?post=23653"}],"version-history":[{"count":0,"href":"https:\/\/sites.ecclesia.pt\/cv\/wp-json\/wp\/v2\/posts\/23653\/revisions"}],"wp:attachment":[{"href":"https:\/\/sites.ecclesia.pt\/cv\/wp-json\/wp\/v2\/media?parent=23653"}],"wp:term":[{"taxonomy":"category","embeddable":true,"href":"https:\/\/sites.ecclesia.pt\/cv\/wp-json\/wp\/v2\/categories?post=23653"},{"taxonomy":"post_tag","embeddable":true,"href":"https:\/\/sites.ecclesia.pt\/cv\/wp-json\/wp\/v2\/tags?post=23653"}],"curies":[{"name":"wp","href":"https:\/\/api.w.org\/{rel}","templated":true}]}}