{"id":23681,"date":"2012-02-29T17:39:00","date_gmt":"2012-02-29T17:39:00","guid":{"rendered":"http:\/\/localhost:81\/wp1\/?p=23681"},"modified":"2012-02-29T17:39:00","modified_gmt":"2012-02-29T17:39:00","slug":"painel-de-santo-antonio-2","status":"publish","type":"post","link":"https:\/\/sites.ecclesia.pt\/cv\/painel-de-santo-antonio-2\/","title":{"rendered":"Painel de Santo Ant\u00f3nio"},"content":{"rendered":"<p>Aveiro, cidade do azulejo <!--more--> Numa das paredes laterais do edif\u00edcio da Cruz Vermelha, situado na Rua das Pombas, encontra este painel de azulejos policromados dedicado a Santo Ant\u00f3nio de Lisboa (1191-1231), num trabalho sem qualquer assinatura do autor ou da empresa que o executou.  <\/p>\n<p>C.F.<\/p>\n","protected":false},"excerpt":{"rendered":"<p>Aveiro, cidade do azulejo<\/p>\n","protected":false},"author":1,"featured_media":0,"comment_status":"open","ping_status":"open","sticky":false,"template":"","format":"standard","meta":{"footnotes":""},"categories":[45],"tags":[],"class_list":["post-23681","post","type-post","status-publish","format-standard","hentry","category-regioes"],"_links":{"self":[{"href":"https:\/\/sites.ecclesia.pt\/cv\/wp-json\/wp\/v2\/posts\/23681","targetHints":{"allow":["GET"]}}],"collection":[{"href":"https:\/\/sites.ecclesia.pt\/cv\/wp-json\/wp\/v2\/posts"}],"about":[{"href":"https:\/\/sites.ecclesia.pt\/cv\/wp-json\/wp\/v2\/types\/post"}],"author":[{"embeddable":true,"href":"https:\/\/sites.ecclesia.pt\/cv\/wp-json\/wp\/v2\/users\/1"}],"replies":[{"embeddable":true,"href":"https:\/\/sites.ecclesia.pt\/cv\/wp-json\/wp\/v2\/comments?post=23681"}],"version-history":[{"count":0,"href":"https:\/\/sites.ecclesia.pt\/cv\/wp-json\/wp\/v2\/posts\/23681\/revisions"}],"wp:attachment":[{"href":"https:\/\/sites.ecclesia.pt\/cv\/wp-json\/wp\/v2\/media?parent=23681"}],"wp:term":[{"taxonomy":"category","embeddable":true,"href":"https:\/\/sites.ecclesia.pt\/cv\/wp-json\/wp\/v2\/categories?post=23681"},{"taxonomy":"post_tag","embeddable":true,"href":"https:\/\/sites.ecclesia.pt\/cv\/wp-json\/wp\/v2\/tags?post=23681"}],"curies":[{"name":"wp","href":"https:\/\/api.w.org\/{rel}","templated":true}]}}