{"id":23715,"date":"2012-04-04T16:55:00","date_gmt":"2012-04-04T16:55:00","guid":{"rendered":"http:\/\/localhost:81\/wp1\/?p=23715"},"modified":"2012-04-04T16:55:00","modified_gmt":"2012-04-04T16:55:00","slug":"potencialidades-das-necessidades","status":"publish","type":"post","link":"https:\/\/sites.ecclesia.pt\/cv\/potencialidades-das-necessidades\/","title":{"rendered":"Potencialidades das necessidades"},"content":{"rendered":"<p>Quest\u00f5es Sociais <!--more--> A luta pela subsist\u00eancia \u00e9 uma vertente fundamental da nossa hist\u00f3ria econ\u00f3mica e social. Atrav\u00e9s dela, in\u00fameras pessoas e fam\u00edlias conseguiram sobreviver, vencendo situa\u00e7\u00f5es de car\u00eancia ou evitando cair nelas. Muitas alcan\u00e7aram n\u00edveis de vida razo\u00e1veis, e n\u00e3o poucas alcandoraram-se a n\u00edveis muito altos de riqueza e de rendimentos. A luta pela subsist\u00eancia foi travada, fundamentalmente, atrav\u00e9s do trabalho, por conta pr\u00f3pria ou de outrem, em diferentes sectores de atividade. Mas tamb\u00e9m foi travada pelo estudo, pelo associativismo, pela coopera\u00e7\u00e3o&#8230;<\/p>\n<p>Ao longo dos s\u00e9culos, a opini\u00e3o e os poderes p\u00fablicos menosprezaram sistematicamente a luta pela subsist\u00eancia e as potencialidades resultantes das pr\u00f3prias situa\u00e7\u00f5es de necessidade. A necessidade suscita n\u00e3o raro uma funda consci\u00eancia dela pr\u00f3pria, aliada a um empenho radical para que seja superada. A express\u00e3o \u00abfazer das tripas cora\u00e7\u00e3o\u00bb traduz bem a \u00abtransfigura\u00e7\u00e3o\u00bb que o sentimento de necessidade pode suscitar.<\/p>\n<p>As comunidades locais, ligadas ou n\u00e3o \u00e0s par\u00f3quias, muito enriqueceriam a sua a\u00e7\u00e3o social se acompanhassem e apoiassem a luta pela subsist\u00eancia vivida por in\u00fameras fam\u00edlias; muitas destas at\u00e9 s\u00e3o das nossas rela\u00e7\u00f5es mais pr\u00f3ximas. O Estado central e as autarquias locais dariam um importante passo em frente se, ao menos, se habituassem a olhar com simpatia para esta luta, que chega a ser her\u00f3ica. Melhor atuariam ainda se prestassem as ajudas poss\u00edveis, a favor da legaliza\u00e7\u00e3o gradual e da viabiliza\u00e7\u00e3o efetiva dos pequenos empreendimentos.<\/p>\n<p>Tenhamos bem presente que a a\u00e7\u00e3o social deve tender n\u00e3o s\u00f3 para a satisfa\u00e7\u00e3o de necessidades b\u00e1sicas mas tamb\u00e9m para que as pessoas se tornem aut\u00f3nomas, e deixem de precisar de ajuda. Ora, na luta pela subsist\u00eancia, as pessoas est\u00e3o empenhadas, precisamente, na procura de autonomia; e essa procura convida-nos a cooperar para que ela se processe com mais rapidez e com melhores resultados. <\/p>\n","protected":false},"excerpt":{"rendered":"<p>Quest\u00f5es Sociais<\/p>\n","protected":false},"author":1,"featured_media":0,"comment_status":"open","ping_status":"open","sticky":false,"template":"","format":"standard","meta":{"footnotes":""},"categories":[62],"tags":[],"class_list":["post-23715","post","type-post","status-publish","format-standard","hentry","category-opiniao"],"_links":{"self":[{"href":"https:\/\/sites.ecclesia.pt\/cv\/wp-json\/wp\/v2\/posts\/23715","targetHints":{"allow":["GET"]}}],"collection":[{"href":"https:\/\/sites.ecclesia.pt\/cv\/wp-json\/wp\/v2\/posts"}],"about":[{"href":"https:\/\/sites.ecclesia.pt\/cv\/wp-json\/wp\/v2\/types\/post"}],"author":[{"embeddable":true,"href":"https:\/\/sites.ecclesia.pt\/cv\/wp-json\/wp\/v2\/users\/1"}],"replies":[{"embeddable":true,"href":"https:\/\/sites.ecclesia.pt\/cv\/wp-json\/wp\/v2\/comments?post=23715"}],"version-history":[{"count":0,"href":"https:\/\/sites.ecclesia.pt\/cv\/wp-json\/wp\/v2\/posts\/23715\/revisions"}],"wp:attachment":[{"href":"https:\/\/sites.ecclesia.pt\/cv\/wp-json\/wp\/v2\/media?parent=23715"}],"wp:term":[{"taxonomy":"category","embeddable":true,"href":"https:\/\/sites.ecclesia.pt\/cv\/wp-json\/wp\/v2\/categories?post=23715"},{"taxonomy":"post_tag","embeddable":true,"href":"https:\/\/sites.ecclesia.pt\/cv\/wp-json\/wp\/v2\/tags?post=23715"}],"curies":[{"name":"wp","href":"https:\/\/api.w.org\/{rel}","templated":true}]}}