{"id":23716,"date":"2012-04-04T16:58:00","date_gmt":"2012-04-04T16:58:00","guid":{"rendered":"http:\/\/localhost:81\/wp1\/?p=23716"},"modified":"2012-04-04T16:58:00","modified_gmt":"2012-04-04T16:58:00","slug":"militancia-em-todas-as-frentes-da-vida","status":"publish","type":"post","link":"https:\/\/sites.ecclesia.pt\/cv\/militancia-em-todas-as-frentes-da-vida\/","title":{"rendered":"Milit\u00e2ncia em todas as frentes da vida"},"content":{"rendered":"<p>Olhos na Rua <!--more--> Quem tem lugar em todas as frentes da vida social s\u00e3o os leigos, que os padres devem procurar entender, ouvir, respeitar, animar, apoiar e formar, sem ci\u00fames nem ju\u00edzos de somenos, porque \u00e9 aos leigos que lhes compete ser crist\u00e3os no mundo e nas tarefas que lhes s\u00e3o pr\u00f3prias. Cada vez \u00e9 mais evidente a necessidade de presen\u00e7a de leigos crist\u00e3os militantes preparados, a\u00ed onde a vida borbulha e queima.<\/p>\n<p>Por vezes tenho a sensa\u00e7\u00e3o de que se continuam a prender pessoas muito v\u00e1lidas aos servi\u00e7os do templo, em detrimento das urg\u00eancias da vida social. Certamente que quando n\u00e3o se tem em conta a voca\u00e7\u00e3o de leigo com a sua autonomia, prendem-se em vez de se empurrarem para onde h\u00e1 gente que precisa de um fermento novo no seu seio. N\u00e3o \u00e9 f\u00e1cil, mas \u00e9 necess\u00e1ria a milit\u00e2ncia apost\u00f3lica em mitos casos de fronteira. Muitos cl\u00e9rigos ainda n\u00e3o venceram a tenta\u00e7\u00e3o da corte \u00e0 sua volta e de ter \u00e0 m\u00e3o gente dispon\u00edvel para executar os seus planos e tarefas. <\/p>\n<p>Urge tornar pr\u00f3ximo o Conc\u00edlio que j\u00e1 vai longe. Ele n\u00e3o \u00e9 devo\u00e7\u00e3o de alguns, mas orienta\u00e7\u00e3o segura para todos os que desejam uma Igreja no meio do mundo e pr\u00f3xima das pessoas e dos seus problemas, que s\u00e3o cada vez mais e mais graves.<\/p>\n","protected":false},"excerpt":{"rendered":"<p>Olhos na Rua<\/p>\n","protected":false},"author":1,"featured_media":0,"comment_status":"open","ping_status":"open","sticky":false,"template":"","format":"standard","meta":{"footnotes":""},"categories":[62],"tags":[],"class_list":["post-23716","post","type-post","status-publish","format-standard","hentry","category-opiniao"],"_links":{"self":[{"href":"https:\/\/sites.ecclesia.pt\/cv\/wp-json\/wp\/v2\/posts\/23716","targetHints":{"allow":["GET"]}}],"collection":[{"href":"https:\/\/sites.ecclesia.pt\/cv\/wp-json\/wp\/v2\/posts"}],"about":[{"href":"https:\/\/sites.ecclesia.pt\/cv\/wp-json\/wp\/v2\/types\/post"}],"author":[{"embeddable":true,"href":"https:\/\/sites.ecclesia.pt\/cv\/wp-json\/wp\/v2\/users\/1"}],"replies":[{"embeddable":true,"href":"https:\/\/sites.ecclesia.pt\/cv\/wp-json\/wp\/v2\/comments?post=23716"}],"version-history":[{"count":0,"href":"https:\/\/sites.ecclesia.pt\/cv\/wp-json\/wp\/v2\/posts\/23716\/revisions"}],"wp:attachment":[{"href":"https:\/\/sites.ecclesia.pt\/cv\/wp-json\/wp\/v2\/media?parent=23716"}],"wp:term":[{"taxonomy":"category","embeddable":true,"href":"https:\/\/sites.ecclesia.pt\/cv\/wp-json\/wp\/v2\/categories?post=23716"},{"taxonomy":"post_tag","embeddable":true,"href":"https:\/\/sites.ecclesia.pt\/cv\/wp-json\/wp\/v2\/tags?post=23716"}],"curies":[{"name":"wp","href":"https:\/\/api.w.org\/{rel}","templated":true}]}}