{"id":23777,"date":"2012-05-30T16:22:00","date_gmt":"2012-05-30T16:22:00","guid":{"rendered":"http:\/\/localhost:81\/wp1\/?p=23777"},"modified":"2012-05-30T16:22:00","modified_gmt":"2012-05-30T16:22:00","slug":"meditacoes-sobre-a-mensagem-de-fatima","status":"publish","type":"post","link":"https:\/\/sites.ecclesia.pt\/cv\/meditacoes-sobre-a-mensagem-de-fatima\/","title":{"rendered":"Medita\u00e7\u00f5es sobre a mensagem de F\u00e1tima"},"content":{"rendered":"<p>Amor de M\u00e3e<\/p>\n<p>Maria Stella Salvador<\/p>\n<p>Paulus<\/p>\n<p>264 p\u00e1ginas<\/p>\n<p>Ao longo das apari\u00e7\u00f5es de F\u00e1tima, Nossa Senhora transmitiu o seu amor e a sua preocupa\u00e7\u00e3o com o mundo. As suas palavras foram n\u00e3o s\u00f3 para aquelas tr\u00eas crian\u00e7as que a escutaram na Cova da iria, mas tamb\u00e9m para todos aqueles que, com f\u00e9, acreditaram na mensagem da Senhora do Ros\u00e1rio.<\/p>\n<p>Neste livro, Maria Stella Salvador apresenta-nos contempla\u00e7\u00f5es sobre cada uma das apari\u00e7\u00f5es de F\u00e1tima. S\u00e3o palavras escritas com amor e fervor que pretendem despertar nos leitores sentimentos profundos em rela\u00e7\u00e3o a Maria. A autora avisa, por\u00e9m, logo de in\u00edcio, que n\u00e3o se trata de \u201cquaisquer mensagens de vis\u00f5es ou locu\u00e7\u00f5es recebidas, mas de estudo dos diversos documentos\u201d relativos a F\u00e1tima.<\/p>\n","protected":false},"excerpt":{"rendered":"<p>Amor de M\u00e3e Maria Stella Salvador Paulus 264 p\u00e1ginas Ao longo das apari\u00e7\u00f5es de F\u00e1tima, Nossa Senhora transmitiu o seu amor e a sua preocupa\u00e7\u00e3o com o mundo. As suas palavras foram n\u00e3o s\u00f3 para aquelas tr\u00eas crian\u00e7as que a escutaram na Cova da iria, mas tamb\u00e9m para todos aqueles que, com f\u00e9, acreditaram na [&hellip;]<\/p>\n","protected":false},"author":1,"featured_media":0,"comment_status":"open","ping_status":"open","sticky":false,"template":"","format":"standard","meta":{"footnotes":""},"categories":[54],"tags":[],"class_list":["post-23777","post","type-post","status-publish","format-standard","hentry","category-livros-e-multimedia"],"_links":{"self":[{"href":"https:\/\/sites.ecclesia.pt\/cv\/wp-json\/wp\/v2\/posts\/23777","targetHints":{"allow":["GET"]}}],"collection":[{"href":"https:\/\/sites.ecclesia.pt\/cv\/wp-json\/wp\/v2\/posts"}],"about":[{"href":"https:\/\/sites.ecclesia.pt\/cv\/wp-json\/wp\/v2\/types\/post"}],"author":[{"embeddable":true,"href":"https:\/\/sites.ecclesia.pt\/cv\/wp-json\/wp\/v2\/users\/1"}],"replies":[{"embeddable":true,"href":"https:\/\/sites.ecclesia.pt\/cv\/wp-json\/wp\/v2\/comments?post=23777"}],"version-history":[{"count":0,"href":"https:\/\/sites.ecclesia.pt\/cv\/wp-json\/wp\/v2\/posts\/23777\/revisions"}],"wp:attachment":[{"href":"https:\/\/sites.ecclesia.pt\/cv\/wp-json\/wp\/v2\/media?parent=23777"}],"wp:term":[{"taxonomy":"category","embeddable":true,"href":"https:\/\/sites.ecclesia.pt\/cv\/wp-json\/wp\/v2\/categories?post=23777"},{"taxonomy":"post_tag","embeddable":true,"href":"https:\/\/sites.ecclesia.pt\/cv\/wp-json\/wp\/v2\/tags?post=23777"}],"curies":[{"name":"wp","href":"https:\/\/api.w.org\/{rel}","templated":true}]}}