{"id":23778,"date":"2012-05-30T16:28:00","date_gmt":"2012-05-30T16:28:00","guid":{"rendered":"http:\/\/localhost:81\/wp1\/?p=23778"},"modified":"2012-05-30T16:28:00","modified_gmt":"2012-05-30T16:28:00","slug":"lancamento-do-quarto-volume-de-a-vida-tambem-se-le","status":"publish","type":"post","link":"https:\/\/sites.ecclesia.pt\/cv\/lancamento-do-quarto-volume-de-a-vida-tambem-se-le\/","title":{"rendered":"Lan\u00e7amento do quarto volume de &#8220;A vida tamb\u00e9m se l\u00ea&#8221;"},"content":{"rendered":"<p>Realiza-se na pr\u00f3xima sexta-feira, 1 de junho, pelas 21h30 no Centro Universit\u00e1rio F\u00e9 e Cultura, o lan\u00e7amento do IV volume de \u201cA vida tamb\u00e9m se l\u00ea\u201d, de D. Ant\u00f3nio Marcelino. O volume recolhe os textos do bispo em\u00e9rito de Aveiro publicados no \u201cCorreio do Vouga\u201d (e reproduzidos por diversos jornais locais e nacionais) deste 2007.<\/p>\n<p>Na sess\u00e3o, D. Ant\u00f3nio Marcelino falar\u00e1 sobre a sua obra e ser\u00e3o lidos alguns excertos dos quatro volumes. Na ocasi\u00e3o, os quatro livros estar\u00e3o \u00e0 venda a pre\u00e7os muito acess\u00edveis (10 euros os tr\u00eas primeiros; 12,5 o quarto), j\u00e1 que o autor n\u00e3o recebe direitos de autor.<\/p>\n","protected":false},"excerpt":{"rendered":"<p>Realiza-se na pr\u00f3xima sexta-feira, 1 de junho, pelas 21h30 no Centro Universit\u00e1rio F\u00e9 e Cultura, o lan\u00e7amento do IV volume de \u201cA vida tamb\u00e9m se l\u00ea\u201d, de D. Ant\u00f3nio Marcelino. O volume recolhe os textos do bispo em\u00e9rito de Aveiro publicados no \u201cCorreio do Vouga\u201d (e reproduzidos por diversos jornais locais e nacionais) deste 2007. [&hellip;]<\/p>\n","protected":false},"author":1,"featured_media":0,"comment_status":"open","ping_status":"open","sticky":false,"template":"","format":"standard","meta":{"footnotes":""},"categories":[54],"tags":[],"class_list":["post-23778","post","type-post","status-publish","format-standard","hentry","category-livros-e-multimedia"],"_links":{"self":[{"href":"https:\/\/sites.ecclesia.pt\/cv\/wp-json\/wp\/v2\/posts\/23778","targetHints":{"allow":["GET"]}}],"collection":[{"href":"https:\/\/sites.ecclesia.pt\/cv\/wp-json\/wp\/v2\/posts"}],"about":[{"href":"https:\/\/sites.ecclesia.pt\/cv\/wp-json\/wp\/v2\/types\/post"}],"author":[{"embeddable":true,"href":"https:\/\/sites.ecclesia.pt\/cv\/wp-json\/wp\/v2\/users\/1"}],"replies":[{"embeddable":true,"href":"https:\/\/sites.ecclesia.pt\/cv\/wp-json\/wp\/v2\/comments?post=23778"}],"version-history":[{"count":0,"href":"https:\/\/sites.ecclesia.pt\/cv\/wp-json\/wp\/v2\/posts\/23778\/revisions"}],"wp:attachment":[{"href":"https:\/\/sites.ecclesia.pt\/cv\/wp-json\/wp\/v2\/media?parent=23778"}],"wp:term":[{"taxonomy":"category","embeddable":true,"href":"https:\/\/sites.ecclesia.pt\/cv\/wp-json\/wp\/v2\/categories?post=23778"},{"taxonomy":"post_tag","embeddable":true,"href":"https:\/\/sites.ecclesia.pt\/cv\/wp-json\/wp\/v2\/tags?post=23778"}],"curies":[{"name":"wp","href":"https:\/\/api.w.org\/{rel}","templated":true}]}}