{"id":23815,"date":"2012-06-14T10:33:00","date_gmt":"2012-06-14T10:33:00","guid":{"rendered":"http:\/\/localhost:81\/wp1\/?p=23815"},"modified":"2012-06-14T10:33:00","modified_gmt":"2012-06-14T10:33:00","slug":"ilhavo-organiza-programa-ferias-divertidas","status":"publish","type":"post","link":"https:\/\/sites.ecclesia.pt\/cv\/ilhavo-organiza-programa-ferias-divertidas\/","title":{"rendered":"\u00cdlhavo organiza Programa F\u00e9rias Divertidas"},"content":{"rendered":"<p>A C\u00e2mara Municipal de \u00cdlhavo aprovou a realiza\u00e7\u00e3o da edi\u00e7\u00e3o \u201cVer\u00e3o 2012\u201d do Programa Municipal F\u00e9rias Divertidas, composto por quatro programas de atividades: generalista, n\u00e1utico, desafios de ver\u00e3o e nadador salvador j\u00fanior, direcionados a crian\u00e7as e jovens com idades compreendidas entre os seis e os 15 anos.<\/p>\n<p>O programa desenvolve-se durante 11 per\u00edodos, entre 18 de junho e 31 de agosto.<\/p>\n","protected":false},"excerpt":{"rendered":"<p>A C\u00e2mara Municipal de \u00cdlhavo aprovou a realiza\u00e7\u00e3o da edi\u00e7\u00e3o \u201cVer\u00e3o 2012\u201d do Programa Municipal F\u00e9rias Divertidas, composto por quatro programas de atividades: generalista, n\u00e1utico, desafios de ver\u00e3o e nadador salvador j\u00fanior, direcionados a crian\u00e7as e jovens com idades compreendidas entre os seis e os 15 anos. O programa desenvolve-se durante 11 per\u00edodos, entre 18 [&hellip;]<\/p>\n","protected":false},"author":1,"featured_media":0,"comment_status":"open","ping_status":"open","sticky":false,"template":"","format":"standard","meta":{"footnotes":""},"categories":[51],"tags":[],"class_list":["post-23815","post","type-post","status-publish","format-standard","hentry","category-jovens"],"_links":{"self":[{"href":"https:\/\/sites.ecclesia.pt\/cv\/wp-json\/wp\/v2\/posts\/23815","targetHints":{"allow":["GET"]}}],"collection":[{"href":"https:\/\/sites.ecclesia.pt\/cv\/wp-json\/wp\/v2\/posts"}],"about":[{"href":"https:\/\/sites.ecclesia.pt\/cv\/wp-json\/wp\/v2\/types\/post"}],"author":[{"embeddable":true,"href":"https:\/\/sites.ecclesia.pt\/cv\/wp-json\/wp\/v2\/users\/1"}],"replies":[{"embeddable":true,"href":"https:\/\/sites.ecclesia.pt\/cv\/wp-json\/wp\/v2\/comments?post=23815"}],"version-history":[{"count":0,"href":"https:\/\/sites.ecclesia.pt\/cv\/wp-json\/wp\/v2\/posts\/23815\/revisions"}],"wp:attachment":[{"href":"https:\/\/sites.ecclesia.pt\/cv\/wp-json\/wp\/v2\/media?parent=23815"}],"wp:term":[{"taxonomy":"category","embeddable":true,"href":"https:\/\/sites.ecclesia.pt\/cv\/wp-json\/wp\/v2\/categories?post=23815"},{"taxonomy":"post_tag","embeddable":true,"href":"https:\/\/sites.ecclesia.pt\/cv\/wp-json\/wp\/v2\/tags?post=23815"}],"curies":[{"name":"wp","href":"https:\/\/api.w.org\/{rel}","templated":true}]}}