{"id":23816,"date":"2012-06-14T10:35:00","date_gmt":"2012-06-14T10:35:00","guid":{"rendered":"http:\/\/localhost:81\/wp1\/?p=23816"},"modified":"2012-06-14T10:35:00","modified_gmt":"2012-06-14T10:35:00","slug":"arte-crista-de-albergaria-a-velha-na-net","status":"publish","type":"post","link":"https:\/\/sites.ecclesia.pt\/cv\/arte-crista-de-albergaria-a-velha-na-net\/","title":{"rendered":"Arte crist\u00e3 de Albergaria-a-Velha na net"},"content":{"rendered":"<p>Diocese digital <!--more--> Alunos e professores da Escola Secund\u00e1ria de Albergaria-a-Velha criaram uma p\u00e1gina da Internet com a \u201cArte Crist\u00e3 em Albergaria-a-Velha\u201d. No s\u00edtio podemos ver as fachadas e por vezes o interior de quase todas as igrejas e capelas e ler algumas notas sobre os templos, os seus padroeiros e outros aspetos hist\u00f3ricos.<\/p>\n<p>A p\u00e1gina \u00e9 coordenada pelo professor Lu\u00eds Silva, que leciona Educa\u00e7\u00e3o Moral e Religiosa Cat\u00f3lica (tamb\u00e9m \u00e9 colaborador habitual deste jornal) na Secund\u00e1ria de Albergaria. Encontra-se em http:\/\/luismanue2.wix.com\/arte_crista.<\/p>\n","protected":false},"excerpt":{"rendered":"<p>Diocese digital<\/p>\n","protected":false},"author":1,"featured_media":0,"comment_status":"open","ping_status":"open","sticky":false,"template":"","format":"standard","meta":{"footnotes":""},"categories":[54],"tags":[],"class_list":["post-23816","post","type-post","status-publish","format-standard","hentry","category-livros-e-multimedia"],"_links":{"self":[{"href":"https:\/\/sites.ecclesia.pt\/cv\/wp-json\/wp\/v2\/posts\/23816","targetHints":{"allow":["GET"]}}],"collection":[{"href":"https:\/\/sites.ecclesia.pt\/cv\/wp-json\/wp\/v2\/posts"}],"about":[{"href":"https:\/\/sites.ecclesia.pt\/cv\/wp-json\/wp\/v2\/types\/post"}],"author":[{"embeddable":true,"href":"https:\/\/sites.ecclesia.pt\/cv\/wp-json\/wp\/v2\/users\/1"}],"replies":[{"embeddable":true,"href":"https:\/\/sites.ecclesia.pt\/cv\/wp-json\/wp\/v2\/comments?post=23816"}],"version-history":[{"count":0,"href":"https:\/\/sites.ecclesia.pt\/cv\/wp-json\/wp\/v2\/posts\/23816\/revisions"}],"wp:attachment":[{"href":"https:\/\/sites.ecclesia.pt\/cv\/wp-json\/wp\/v2\/media?parent=23816"}],"wp:term":[{"taxonomy":"category","embeddable":true,"href":"https:\/\/sites.ecclesia.pt\/cv\/wp-json\/wp\/v2\/categories?post=23816"},{"taxonomy":"post_tag","embeddable":true,"href":"https:\/\/sites.ecclesia.pt\/cv\/wp-json\/wp\/v2\/tags?post=23816"}],"curies":[{"name":"wp","href":"https:\/\/api.w.org\/{rel}","templated":true}]}}