{"id":23817,"date":"2012-06-14T10:39:00","date_gmt":"2012-06-14T10:39:00","guid":{"rendered":"http:\/\/localhost:81\/wp1\/?p=23817"},"modified":"2012-06-14T10:39:00","modified_gmt":"2012-06-14T10:39:00","slug":"eles-disseram-sobre-o-silencio","status":"publish","type":"post","link":"https:\/\/sites.ecclesia.pt\/cv\/eles-disseram-sobre-o-silencio\/","title":{"rendered":"Eles disseram&#8230; sobre o sil\u00eancio"},"content":{"rendered":"<p>Aquele que se cala com proveito raramente age contra a sua consci\u00eancia.<\/p>\n<p>Jan Hus<\/p>\n<p>Sabei escutar, e podeis ter a certeza de que o sil\u00eancio produz, muitas vezes, o mesmo efeito que a ci\u00eancia.<\/p>\n<p>Napole\u00e3o<\/p>\n<p>O mais corrosivo de todos os \u00e1cidos \u00e9 o sil\u00eancio.<\/p>\n<p>Andreas Frangias<\/p>\n<p>O sil\u00eancio est\u00e1 t\u00e3o repleto de sabedoria e de esp\u00edrito em pot\u00eancia como o m\u00e1rmore n\u00e3o talhado \u00e9 rico em escultura.<\/p>\n<p>Aldous Huxley<\/p>\n<p>Fala se tens palavras mais fortes do que o sil\u00eancio, ou ent\u00e3o guarda sil\u00eancio.<\/p>\n<p>Eur\u00edpedes<\/p>\n<p>O sil\u00eancio \u00e9 um amigo que nunca trai.<\/p>\n<p>Conf\u00facio<\/p>\n<p>O sil\u00eancio (&#8230;) \u00e9 uma virtude que nos torna agrad\u00e1veis aos nossos semelhantes.<\/p>\n<p>Samuel Butler<\/p>\n<p>Podemos estrangular os clamores, mas como vingarmo-nos do sil\u00eancio?<\/p>\n<p>Alfred de Vigny<\/p>\n<p>O sil\u00eancio \u00e9 o maior dos mart\u00edrios; nunca os santos se calaram.<\/p>\n<p>Blaise Pascal<\/p>\n","protected":false},"excerpt":{"rendered":"<p>Aquele que se cala com proveito raramente age contra a sua consci\u00eancia. Jan Hus Sabei escutar, e podeis ter a certeza de que o sil\u00eancio produz, muitas vezes, o mesmo efeito que a ci\u00eancia. Napole\u00e3o O mais corrosivo de todos os \u00e1cidos \u00e9 o sil\u00eancio. Andreas Frangias O sil\u00eancio est\u00e1 t\u00e3o repleto de sabedoria e [&hellip;]<\/p>\n","protected":false},"author":1,"featured_media":0,"comment_status":"open","ping_status":"open","sticky":false,"template":"","format":"standard","meta":{"footnotes":""},"categories":[56],"tags":[],"class_list":["post-23817","post","type-post","status-publish","format-standard","hentry","category-almanaque"],"_links":{"self":[{"href":"https:\/\/sites.ecclesia.pt\/cv\/wp-json\/wp\/v2\/posts\/23817","targetHints":{"allow":["GET"]}}],"collection":[{"href":"https:\/\/sites.ecclesia.pt\/cv\/wp-json\/wp\/v2\/posts"}],"about":[{"href":"https:\/\/sites.ecclesia.pt\/cv\/wp-json\/wp\/v2\/types\/post"}],"author":[{"embeddable":true,"href":"https:\/\/sites.ecclesia.pt\/cv\/wp-json\/wp\/v2\/users\/1"}],"replies":[{"embeddable":true,"href":"https:\/\/sites.ecclesia.pt\/cv\/wp-json\/wp\/v2\/comments?post=23817"}],"version-history":[{"count":0,"href":"https:\/\/sites.ecclesia.pt\/cv\/wp-json\/wp\/v2\/posts\/23817\/revisions"}],"wp:attachment":[{"href":"https:\/\/sites.ecclesia.pt\/cv\/wp-json\/wp\/v2\/media?parent=23817"}],"wp:term":[{"taxonomy":"category","embeddable":true,"href":"https:\/\/sites.ecclesia.pt\/cv\/wp-json\/wp\/v2\/categories?post=23817"},{"taxonomy":"post_tag","embeddable":true,"href":"https:\/\/sites.ecclesia.pt\/cv\/wp-json\/wp\/v2\/tags?post=23817"}],"curies":[{"name":"wp","href":"https:\/\/api.w.org\/{rel}","templated":true}]}}