{"id":23851,"date":"2012-06-21T10:10:00","date_gmt":"2012-06-21T10:10:00","guid":{"rendered":"http:\/\/localhost:81\/wp1\/?p=23851"},"modified":"2012-06-21T10:10:00","modified_gmt":"2012-06-21T10:10:00","slug":"reflexos-na-gafanha-da-nazare","status":"publish","type":"post","link":"https:\/\/sites.ecclesia.pt\/cv\/reflexos-na-gafanha-da-nazare\/","title":{"rendered":"&#8220;Reflexos&#8221; na Gafanha da Nazar\u00e9"},"content":{"rendered":"<p>Os reflexos da luz sobre a \u00e1gua s\u00e3o um incr\u00edvel logogrifo, um enigma de linhas, tons e ritmos em permanentemente muta\u00e7\u00e3o e intera\u00e7\u00e3o, vagas que quebram imagens comuns de casas, \u00e1rvores, barcos e pontes, vertendo-as em estranhos ornamentos e padr\u00f5es.<\/p>\n<p>\u201cReflexos\u201d \u00e9 um projeto que pretende apresentar a beleza natural da Ria de Aveiro por uma perspetiva nova, abstrata e misteriosa. As telas de Madina podem ser \u00e0 primeira vista apercebidas como abstratas. Meios complementares \u00e0 sua leitura, como as pr\u00f3prias fotos, fotos dos locais de capta\u00e7\u00e3o e textos descritivos, servir\u00e3o para \u201cdenunciar\u201d a natureza realista das imagens e permitir uma frui\u00e7\u00e3o mais concreta. <\/p>\n<p>A exposi\u00e7\u00e3o \u00e9 inaugurada hoje, \u00e0s 21h30, assinalando o segundo anivers\u00e1rio da renova\u00e7\u00e3o do Centro Cultural da Gafanha da Nazar\u00e9.<\/p>\n<p>\u201cReflexos\u201d, pintura de Madina no Centro Cultural da Gafanha da Nazar\u00e9, at\u00e9 28 de julho. Entrada gratuita.<\/p>\n","protected":false},"excerpt":{"rendered":"<p>Os reflexos da luz sobre a \u00e1gua s\u00e3o um incr\u00edvel logogrifo, um enigma de linhas, tons e ritmos em permanentemente muta\u00e7\u00e3o e intera\u00e7\u00e3o, vagas que quebram imagens comuns de casas, \u00e1rvores, barcos e pontes, vertendo-as em estranhos ornamentos e padr\u00f5es. \u201cReflexos\u201d \u00e9 um projeto que pretende apresentar a beleza natural da Ria de Aveiro por [&hellip;]<\/p>\n","protected":false},"author":1,"featured_media":0,"comment_status":"open","ping_status":"open","sticky":false,"template":"","format":"standard","meta":{"footnotes":""},"categories":[67],"tags":[],"class_list":["post-23851","post","type-post","status-publish","format-standard","hentry","category-ver-ouvir-sair"],"_links":{"self":[{"href":"https:\/\/sites.ecclesia.pt\/cv\/wp-json\/wp\/v2\/posts\/23851","targetHints":{"allow":["GET"]}}],"collection":[{"href":"https:\/\/sites.ecclesia.pt\/cv\/wp-json\/wp\/v2\/posts"}],"about":[{"href":"https:\/\/sites.ecclesia.pt\/cv\/wp-json\/wp\/v2\/types\/post"}],"author":[{"embeddable":true,"href":"https:\/\/sites.ecclesia.pt\/cv\/wp-json\/wp\/v2\/users\/1"}],"replies":[{"embeddable":true,"href":"https:\/\/sites.ecclesia.pt\/cv\/wp-json\/wp\/v2\/comments?post=23851"}],"version-history":[{"count":0,"href":"https:\/\/sites.ecclesia.pt\/cv\/wp-json\/wp\/v2\/posts\/23851\/revisions"}],"wp:attachment":[{"href":"https:\/\/sites.ecclesia.pt\/cv\/wp-json\/wp\/v2\/media?parent=23851"}],"wp:term":[{"taxonomy":"category","embeddable":true,"href":"https:\/\/sites.ecclesia.pt\/cv\/wp-json\/wp\/v2\/categories?post=23851"},{"taxonomy":"post_tag","embeddable":true,"href":"https:\/\/sites.ecclesia.pt\/cv\/wp-json\/wp\/v2\/tags?post=23851"}],"curies":[{"name":"wp","href":"https:\/\/api.w.org\/{rel}","templated":true}]}}