{"id":23853,"date":"2012-06-21T10:16:00","date_gmt":"2012-06-21T10:16:00","guid":{"rendered":"http:\/\/localhost:81\/wp1\/?p=23853"},"modified":"2012-06-21T10:16:00","modified_gmt":"2012-06-21T10:16:00","slug":"segundo-tempo-medital-a-palavra","status":"publish","type":"post","link":"https:\/\/sites.ecclesia.pt\/cv\/segundo-tempo-medital-a-palavra\/","title":{"rendered":"Segundo tempo: Medital a Palavra"},"content":{"rendered":"<p>Lectio Divina &#8211; 4 <!--more--> A medita\u00e7\u00e3o n\u00e3o \u00e9 um discurso racional. N\u00e3o falamos no contexto da lectio divina do mesmo esp\u00edrito meditativo comum por exemplo \u00e0 tradi\u00e7\u00e3o contemplativa ou at\u00e9 mesmo das correntes new age ou orientais que est\u00e3o em voga. Meditar a Palavra \u00e9 colocar toda a vida (intelig\u00eancia, afeto e vontade) para compreender e saborear a Palavra que Deus nos dirige. No fundo, \u00e9 compreender por dentro a Palavra de Deus partindo das refer\u00eancias e coment\u00e1rios para se encontrar como apoio e que nos fazem aproximar cada vez mais de Cristo. Implica centrar o tema principal da Palavra lida, saber situ\u00e1-la no seu conjunto e no contexto em que aparece, para saber extrair o seu sabor mais aut\u00eantico e verdadeiro. N\u00e3o \u00e9 tanto perceber o que \u201ca palavra me diz\u201d fazendo logo uma ila\u00e7\u00e3o moral de como nos devemos comportar, mas centrar-se antes na verdade da pr\u00f3pria Palavra e assimil\u00e1-la na pr\u00f3pria vida percebendo o que ela me diz enquanto realidade divina a acolher.<\/p>\n<p>Este tempo dever\u00e1 come\u00e7ar pela aten\u00e7\u00e3o aos textos paralelos indicados no aparato cr\u00edtico (notas de rodap\u00e9); dever\u00e1 tamb\u00e9m apoiar-se em algum coment\u00e1rio b\u00edblico para recentrar na mensagem essencial. O objetivo \u00e9 \u2018ruminar\u2019 o texto, se for preciso, rel\u00ea-lo e gostar dele, colocando a imagina\u00e7\u00e3o ao servi\u00e7o e situando-me no pr\u00f3prio texto, nas suas cenas e personagens. Posso sintetizar tudo numa afirma\u00e7\u00e3o, de prefer\u00eancia da pr\u00f3pria Escritura, e memoriz\u00e1-la e repeti-la ao longo do dia. Ao encontrarmos a verdade presente no texto e sintetizando-a na nossa vida estamos a suscitar e abrir espa\u00e7o para um di\u00e1logo com Deus, porque a Sua Palavra provoca e interpela. <\/p>\n<p>Dialogar com Deus na medita\u00e7\u00e3o da Palavra \u00e9 aceitar um novo momento nesta medita\u00e7\u00e3o: a Palavra de Deus ilumina a minha vida. Este \u00e9 o momento da encarna\u00e7\u00e3o da Palavra, colhendo a sua sabedoria, confronto-a com a minha vida e encontro desafios que s\u00e3o luz para o caminho. Uma leitura orante da Palavra de Deus que n\u00e3o tenha esta preocupa\u00e7\u00e3o de confronto, de luz e de leitura da pr\u00f3pria vida \u00e0 luz da verdade presente e oculta na pr\u00f3pria Palavra, corre o risco de n\u00e3o ser tempo de ora\u00e7\u00e3o e de encontro com Deus, mas de se ficar num espiritualismo devocional e reconfortante, mas que n\u00e3o provoca mudan\u00e7a ou convers\u00e3o. <\/p>\n<p>Neste tempo de medita\u00e7\u00e3o, quanto mais eu me encontro com a Palavra de Deus e o seu sentido mais profundo, mais eu percebo o que Deus me est\u00e1 a pedir e a exigir. <\/p>\n<p>Jo\u00e3o Alves<\/p>\n","protected":false},"excerpt":{"rendered":"<p>Lectio Divina &#8211; 4<\/p>\n","protected":false},"author":1,"featured_media":0,"comment_status":"open","ping_status":"open","sticky":false,"template":"","format":"standard","meta":{"footnotes":""},"categories":[52],"tags":[],"class_list":["post-23853","post","type-post","status-publish","format-standard","hentry","category-espiritualidade"],"_links":{"self":[{"href":"https:\/\/sites.ecclesia.pt\/cv\/wp-json\/wp\/v2\/posts\/23853","targetHints":{"allow":["GET"]}}],"collection":[{"href":"https:\/\/sites.ecclesia.pt\/cv\/wp-json\/wp\/v2\/posts"}],"about":[{"href":"https:\/\/sites.ecclesia.pt\/cv\/wp-json\/wp\/v2\/types\/post"}],"author":[{"embeddable":true,"href":"https:\/\/sites.ecclesia.pt\/cv\/wp-json\/wp\/v2\/users\/1"}],"replies":[{"embeddable":true,"href":"https:\/\/sites.ecclesia.pt\/cv\/wp-json\/wp\/v2\/comments?post=23853"}],"version-history":[{"count":0,"href":"https:\/\/sites.ecclesia.pt\/cv\/wp-json\/wp\/v2\/posts\/23853\/revisions"}],"wp:attachment":[{"href":"https:\/\/sites.ecclesia.pt\/cv\/wp-json\/wp\/v2\/media?parent=23853"}],"wp:term":[{"taxonomy":"category","embeddable":true,"href":"https:\/\/sites.ecclesia.pt\/cv\/wp-json\/wp\/v2\/categories?post=23853"},{"taxonomy":"post_tag","embeddable":true,"href":"https:\/\/sites.ecclesia.pt\/cv\/wp-json\/wp\/v2\/tags?post=23853"}],"curies":[{"name":"wp","href":"https:\/\/api.w.org\/{rel}","templated":true}]}}