{"id":23966,"date":"2012-10-10T16:40:00","date_gmt":"2012-10-10T16:40:00","guid":{"rendered":"http:\/\/localhost:81\/wp1\/?p=23966"},"modified":"2012-10-10T16:40:00","modified_gmt":"2012-10-10T16:40:00","slug":"ano-da-fe-online","status":"publish","type":"post","link":"https:\/\/sites.ecclesia.pt\/cv\/ano-da-fe-online\/","title":{"rendered":"Ano da F\u00e9 online"},"content":{"rendered":"<p>http:\/\/www.annusfidei.va <!--more--> De 11 de outubro de 2012 (data em que passam 50 anos da abertura do II Conc\u00edlio do Vaticano e 20 anos da publica\u00e7\u00e3o do Catecismo da Igreja Cat\u00f3lica) a 24 de novembro de 2013 (\u00faltimo domingo do ano lit\u00fargico &#8211; solenidade de Cristo Rei do Universo) a Igreja vai viver o Ano da F\u00e9. Bento XVI \u201cdecretou um ano especialmente dedicado \u00e0 profiss\u00e3o da verdadeira f\u00e9 e \u00e0 sua correta interpreta\u00e7\u00e3o, atrav\u00e9s da leitura, ou da medita\u00e7\u00e3o piedosa dos Atos do Conc\u00edlio e dos artigos do Catecismo da Igreja Cat\u00f3lica\u201d.<\/p>\n<p>Assim, esta semana, apresentamos como sugest\u00e3o a visita ao s\u00edtio virtual inteiramente dedicado a este ano que se pretende que seja um \u201cmomento de gra\u00e7a e de empenho para uma cada vez mais plena convers\u00e3o a Deus, para refor\u00e7ar a nossa f\u00e9 e para anunci\u00e1-lo com alegria ao homem do nosso tempo\u201d.<\/p>\n<p>Ao digitarmos o endere\u00e7o www.annusfidei.va encontramos um espa\u00e7o eminentemente informativo e com uma disposi\u00e7\u00e3o gr\u00e1fica e de conte\u00fados bastante interessante. Apesar do s\u00edtio apenas ser disponibilizado em italiano, ingl\u00eas e espanhol, temos ainda a esperan\u00e7a de que o mesmo venha a ser viabilizado tamb\u00e9m em portugu\u00eas. <\/p>\n<p>Na op\u00e7\u00e3o \u201cnews\u201d, temos ao dispor todas as not\u00edcias relativas a este momento da vida da Igreja, quer informa\u00e7\u00f5es sobre eventos futuros quer registos de acontecimentos passados. Em \u201cannus fidei\u201d, podemos ler a carta apost\u00f3lica \u201cPorta Fidei\u201d, aceder \u00e0s recomenda\u00e7\u00f5es pastorais produzidas pela Congrega\u00e7\u00e3o para a Doutrina da F\u00e9 sobre o Ano da F\u00e9, consultar o espa\u00e7o de ajuda pastoral, perceber o logotipo oficial e ainda consultar a pauta do hino. <\/p>\n<p>Um espa\u00e7o bastante interessante e com conte\u00fados relevantes encontra-se em \u201cwe believe\u201d \u2013 \u201cn\u00f3s acreditamos\u201d. A\u00ed podemos aceder ao catecismo e comp\u00eandio da Igreja Cat\u00f3lica, consultar inteiramente os documentos emanados do II Conc\u00edlio do Vaticano e assistir \u00e0s catequeses realizadas por Bento XVI dedicadas aos ap\u00f3stolos e disc\u00edpulos, aos padres da Igreja, aos te\u00f3logos medievais, \u00e0s grandes mulheres da Igreja e ainda \u00e0 ora\u00e7\u00e3o Crist\u00e3.<\/p>\n<p>Aqui fica a sugest\u00e3o. Acima de tudo, o que pretendemos \u00e9 chamar a aten\u00e7\u00e3o de que consideramos tamb\u00e9m ser poss\u00edvel viver o Ano da F\u00e9 online.<\/p>\n<p>Fernando Cassola Marques<\/p>\n","protected":false},"excerpt":{"rendered":"<p>http:\/\/www.annusfidei.va<\/p>\n","protected":false},"author":1,"featured_media":0,"comment_status":"open","ping_status":"open","sticky":false,"template":"","format":"standard","meta":{"footnotes":""},"categories":[54],"tags":[],"class_list":["post-23966","post","type-post","status-publish","format-standard","hentry","category-livros-e-multimedia"],"_links":{"self":[{"href":"https:\/\/sites.ecclesia.pt\/cv\/wp-json\/wp\/v2\/posts\/23966","targetHints":{"allow":["GET"]}}],"collection":[{"href":"https:\/\/sites.ecclesia.pt\/cv\/wp-json\/wp\/v2\/posts"}],"about":[{"href":"https:\/\/sites.ecclesia.pt\/cv\/wp-json\/wp\/v2\/types\/post"}],"author":[{"embeddable":true,"href":"https:\/\/sites.ecclesia.pt\/cv\/wp-json\/wp\/v2\/users\/1"}],"replies":[{"embeddable":true,"href":"https:\/\/sites.ecclesia.pt\/cv\/wp-json\/wp\/v2\/comments?post=23966"}],"version-history":[{"count":0,"href":"https:\/\/sites.ecclesia.pt\/cv\/wp-json\/wp\/v2\/posts\/23966\/revisions"}],"wp:attachment":[{"href":"https:\/\/sites.ecclesia.pt\/cv\/wp-json\/wp\/v2\/media?parent=23966"}],"wp:term":[{"taxonomy":"category","embeddable":true,"href":"https:\/\/sites.ecclesia.pt\/cv\/wp-json\/wp\/v2\/categories?post=23966"},{"taxonomy":"post_tag","embeddable":true,"href":"https:\/\/sites.ecclesia.pt\/cv\/wp-json\/wp\/v2\/tags?post=23966"}],"curies":[{"name":"wp","href":"https:\/\/api.w.org\/{rel}","templated":true}]}}