{"id":23971,"date":"2012-10-10T16:57:00","date_gmt":"2012-10-10T16:57:00","guid":{"rendered":"http:\/\/localhost:81\/wp1\/?p=23971"},"modified":"2012-10-10T16:57:00","modified_gmt":"2012-10-10T16:57:00","slug":"missionarios-digitais","status":"publish","type":"post","link":"https:\/\/sites.ecclesia.pt\/cv\/missionarios-digitais\/","title":{"rendered":"Mission\u00e1rios digitais"},"content":{"rendered":"<p>JO\u00c3O AGUIAR CAMPOS<\/p>\n<p>Padre. Jornalista<\/p>\n<p>Recebi com alegria o an\u00fancio do tema para o 47.\u00ba Dia Mundial das Comunica\u00e7\u00f5es Sociais: \u201cRedes sociais: portais da verdade e da f\u00e9, novos espa\u00e7os de evangeliza\u00e7\u00e3o\u201d.<\/p>\n<p>Escrevi \u201ccom alegria\u201d, mas posso acrescentar que \u201csem surpresa\u201d. De facto, vinham-se acumulando os sinais reveladores da crescente aten\u00e7\u00e3o da Igreja Cat\u00f3lica ao mundo digital como nova terra de Miss\u00e3o. Basta pensar, por exemplo, na Mensagem para o 43.\u00ba Dia Mundial, quando Bento XVI pediu aos jovens que levem ao continente digital o testemunho da sua f\u00e9, introduzindo na cultura desse ambiente comunicativo e informativo os valores em que assenta a sua vida crente.<\/p>\n<p>Subjacente a este interesse est\u00e1 a convic\u00e7\u00e3o de que a cultura medi\u00e1tica e digital \u201cprogressivamente se estrutura como o lugar da vida p\u00fablica e da experi\u00eancia social\u201d (do \u201cInstrumentum laboris\u201d do s\u00ednodo dos bispos que est\u00e1 a decorrer, n. 59); e ainda que a sua influ\u00eancia pesa sobre a perce\u00e7\u00e3o que temos de n\u00f3s mesmos, dos outros e do mundo.<\/p>\n<p>Esta no\u00e7\u00e3o de que estamos mergulhados num outro caldo cultural e n\u00e3o confrontados com meras tecnologias, alterou atitudes: hoje, para a Igreja, a internet n\u00e3o \u00e9 mais um mero meio de evangeliza\u00e7\u00e3o, mas um espa\u00e7o a evangelizar, porque a\u00ed se exprime tamb\u00e9m a vida dos homens.<\/p>\n<p>Neste ciberespa\u00e7o moram hoje milh\u00f5es de destinat\u00e1rios do Evangelho; tamb\u00e9m eles com o direito a que lhes seja apresentado o Nome que est\u00e1 acima de todo o nome, como resposta ao apelo de Bento XVI a uma renovada urg\u00eancia na Miss\u00e3o, nascida de uma caridade que impele a evangelizar.<\/p>\n<p>Precisamos, ent\u00e3o, de mission\u00e1rios digitais. N\u00e3o de meros conhecedores de tecnologias, mas de gente capaz de a\u00ed introduzir alma&#8230;<\/p>\n<p>Volto ao Instrumentum laboris (62) do s\u00ednodo dos bispos&#8230; Mencionando as novas fronteiras do cen\u00e1rio comunicativo em que a evangeliza\u00e7\u00e3o acontece, o documento reconhece benef\u00edcios e riscos na internet; mas pede aos crist\u00e3os \u201ca aud\u00e1cia de frequentar estes novos are\u00f3pagos, aprendendo a dar uma valoriza\u00e7\u00e3o evang\u00e9lica, encontrando os instrumentos e os m\u00e9todos para tornar aud\u00edvel tamb\u00e9m nestes lugares hodiernos o patrim\u00f3nio educativo e de sapi\u00eancia conservado pela tradi\u00e7\u00e3o crist\u00e3\u201d.<\/p>\n<p>Se a evangeliza\u00e7\u00e3o \u00e9 uma prioridade \u00e0 qual se deve adequar os estilos de vida, os planos pastorais e a organiza\u00e7\u00e3o diocesana, ao faz\u00ea-lo n\u00e3o se esque\u00e7am as redes que precisam de ser humanizadas e vitalizadas&#8230;<\/p>\n","protected":false},"excerpt":{"rendered":"<p>JO\u00c3O AGUIAR CAMPOS Padre. Jornalista Recebi com alegria o an\u00fancio do tema para o 47.\u00ba Dia Mundial das Comunica\u00e7\u00f5es Sociais: \u201cRedes sociais: portais da verdade e da f\u00e9, novos espa\u00e7os de evangeliza\u00e7\u00e3o\u201d. Escrevi \u201ccom alegria\u201d, mas posso acrescentar que \u201csem surpresa\u201d. De facto, vinham-se acumulando os sinais reveladores da crescente aten\u00e7\u00e3o da Igreja Cat\u00f3lica ao [&hellip;]<\/p>\n","protected":false},"author":1,"featured_media":0,"comment_status":"open","ping_status":"open","sticky":false,"template":"","format":"standard","meta":{"footnotes":""},"categories":[62],"tags":[],"class_list":["post-23971","post","type-post","status-publish","format-standard","hentry","category-opiniao"],"_links":{"self":[{"href":"https:\/\/sites.ecclesia.pt\/cv\/wp-json\/wp\/v2\/posts\/23971","targetHints":{"allow":["GET"]}}],"collection":[{"href":"https:\/\/sites.ecclesia.pt\/cv\/wp-json\/wp\/v2\/posts"}],"about":[{"href":"https:\/\/sites.ecclesia.pt\/cv\/wp-json\/wp\/v2\/types\/post"}],"author":[{"embeddable":true,"href":"https:\/\/sites.ecclesia.pt\/cv\/wp-json\/wp\/v2\/users\/1"}],"replies":[{"embeddable":true,"href":"https:\/\/sites.ecclesia.pt\/cv\/wp-json\/wp\/v2\/comments?post=23971"}],"version-history":[{"count":0,"href":"https:\/\/sites.ecclesia.pt\/cv\/wp-json\/wp\/v2\/posts\/23971\/revisions"}],"wp:attachment":[{"href":"https:\/\/sites.ecclesia.pt\/cv\/wp-json\/wp\/v2\/media?parent=23971"}],"wp:term":[{"taxonomy":"category","embeddable":true,"href":"https:\/\/sites.ecclesia.pt\/cv\/wp-json\/wp\/v2\/categories?post=23971"},{"taxonomy":"post_tag","embeddable":true,"href":"https:\/\/sites.ecclesia.pt\/cv\/wp-json\/wp\/v2\/tags?post=23971"}],"curies":[{"name":"wp","href":"https:\/\/api.w.org\/{rel}","templated":true}]}}