{"id":23993,"date":"2012-10-17T16:23:00","date_gmt":"2012-10-17T16:23:00","guid":{"rendered":"http:\/\/localhost:81\/wp1\/?p=23993"},"modified":"2012-10-17T16:23:00","modified_gmt":"2012-10-17T16:23:00","slug":"obras-missionarias-pontificias-2","status":"publish","type":"post","link":"https:\/\/sites.ecclesia.pt\/cv\/obras-missionarias-pontificias-2\/","title":{"rendered":"Obras Mission\u00e1rias Pontif\u00edcias"},"content":{"rendered":"<p>http:\/\/www.opf.pt\/ <!--more--> Outubro \u00e9 por natureza um m\u00eas dedicado pela Igreja Cat\u00f3lica ao mundo mission\u00e1rio. A ideia presente nestes 31 dias \u00e9 a de que se desenvolvam nas comunidades locais uma s\u00e9rie de atividades destinadas a promover a Miss\u00e3o como \u00aburg\u00eancia e prioridade\u00bb. Assim sendo, esta semana apresentamos o s\u00edtio das Obras Mission\u00e1rias Pontif\u00edcias (OMP), dado que s\u00e3o estas que procuram \u201cpromover na Igreja e na sociedade em geral, a participa\u00e7\u00e3o ativa em a\u00e7\u00f5es e campanhas, que visem a dignidade de todas as pessoas, a solidariedade para com os mais pobres, exclu\u00eddos e injusti\u00e7ados e a proposta de causas a favor da justi\u00e7a e da paz entre pessoas, grupos e na\u00e7\u00f5es\u201d. <\/p>\n<p>Neste espa\u00e7o virtual \u00e9-nos oferecido um conjunto de informa\u00e7\u00f5es, de iniciativas de evangeliza\u00e7\u00e3o e da realidade mission\u00e1ria em tudo o mundo, de uma forma clara e muito direta.<\/p>\n<p>Se pretendermos descobrir o que s\u00e3o as OMP, quantas s\u00e3o, quais os seus objetivos e como nasceram, basta acedermos a \u201cobras mission\u00e1rias\u201d. Em \u201cjornadas mission\u00e1rias\u201d, podemos aceder \u00e0s confer\u00eancias pronunciadas em todos os encontros, que se realizam desde setembro de 2004. No item \u201cinf\u00e2ncia mission\u00e1ria\u201d, \u00e9 apresentada uma proposta de ajuda para os educadores, no sentido de despertarem progressivamente nas crian\u00e7as uma consci\u00eancia mission\u00e1ria universal e lev\u00e1-las a partilhar a f\u00e9 e os meios materiais com as crian\u00e7as de regi\u00f5es e Igrejas mais pobres. Na op\u00e7\u00e3o \u201cOutubro Mission\u00e1rio\u201d, s\u00e3o apresentados alguns recursos de trabalho colocados \u00e0 disposi\u00e7\u00e3o das dioceses, par\u00f3quias, institutos mission\u00e1rios e de todos os amigos da Miss\u00e3o, para uma melhor viv\u00eancia deste m\u00eas.<\/p>\n<p>Em \u201cblog\u201d, encontramos um espa\u00e7o diferente que procura mostrar uma imagem menos formal e mais pr\u00f3xima das pessoas. A\u00ed podemos apreciar alguns conte\u00fados multim\u00e9dia e textos, diretamente relacionados com a tem\u00e1tica mission\u00e1ria, que v\u00e3o sendo publicados com alguma regularidade.<\/p>\n<p>Fica aqui a sugest\u00e3o para que visitem este s\u00edtio e sintam que \u201co mandato mission\u00e1rio continua a ser uma prioridade absoluta para todos os batizados, chamados a ser \u00abservos e ap\u00f3stolos de Cristo\u00bb neste in\u00edcio de mil\u00e9nio\u201d e assim podermos viver a miss\u00e3o, transmitindo a f\u00e9. <\/p>\n<p>Fernando Cassola Marques<\/p>\n","protected":false},"excerpt":{"rendered":"<p>http:\/\/www.opf.pt\/<\/p>\n","protected":false},"author":1,"featured_media":0,"comment_status":"open","ping_status":"open","sticky":false,"template":"","format":"standard","meta":{"footnotes":""},"categories":[54],"tags":[],"class_list":["post-23993","post","type-post","status-publish","format-standard","hentry","category-livros-e-multimedia"],"_links":{"self":[{"href":"https:\/\/sites.ecclesia.pt\/cv\/wp-json\/wp\/v2\/posts\/23993","targetHints":{"allow":["GET"]}}],"collection":[{"href":"https:\/\/sites.ecclesia.pt\/cv\/wp-json\/wp\/v2\/posts"}],"about":[{"href":"https:\/\/sites.ecclesia.pt\/cv\/wp-json\/wp\/v2\/types\/post"}],"author":[{"embeddable":true,"href":"https:\/\/sites.ecclesia.pt\/cv\/wp-json\/wp\/v2\/users\/1"}],"replies":[{"embeddable":true,"href":"https:\/\/sites.ecclesia.pt\/cv\/wp-json\/wp\/v2\/comments?post=23993"}],"version-history":[{"count":0,"href":"https:\/\/sites.ecclesia.pt\/cv\/wp-json\/wp\/v2\/posts\/23993\/revisions"}],"wp:attachment":[{"href":"https:\/\/sites.ecclesia.pt\/cv\/wp-json\/wp\/v2\/media?parent=23993"}],"wp:term":[{"taxonomy":"category","embeddable":true,"href":"https:\/\/sites.ecclesia.pt\/cv\/wp-json\/wp\/v2\/categories?post=23993"},{"taxonomy":"post_tag","embeddable":true,"href":"https:\/\/sites.ecclesia.pt\/cv\/wp-json\/wp\/v2\/tags?post=23993"}],"curies":[{"name":"wp","href":"https:\/\/api.w.org\/{rel}","templated":true}]}}