{"id":24,"date":"2006-04-03T14:44:00","date_gmt":"2006-04-03T14:44:00","guid":{"rendered":"http:\/\/localhost:81\/wp1\/?p=24"},"modified":"2006-04-03T14:44:00","modified_gmt":"2006-04-03T14:44:00","slug":"egas-monis-um-encontro","status":"publish","type":"post","link":"https:\/\/sites.ecclesia.pt\/cv\/egas-monis-um-encontro\/","title":{"rendered":"&#8220;Egas Monis, um Encontro&#8221;"},"content":{"rendered":"<p>Na Loja do Cidad\u00e3o, em Aveiro <!--more--> A exposi\u00e7\u00e3o de fotografia do estarrejense An\u00edbal Lemos, intitulada \u201cEgas Moniz, um Encontro\u201d,  pode ser vista pelos utentes da Loja do Cidad\u00e3o em Aveiro. Segundo o artista, os trabalhos resultam de uma \u201cprocura das viv\u00eancias\u201d do Pr\u00e9mio Nobel da Medicina na Casa Museu Egas Moniz, em Avanca. <\/p>\n<p>\u201cPassear pela casa do investigador teve a inten\u00e7\u00e3o de procurar as refer\u00eancias que mais se aproximam da figura dele\u201d, explica An\u00edbal Lemos. O estarrejense captou as imagens de momentos e locais que se apresentam carregadas de simbolismo. <\/p>\n<p>\u201cCada imagem apresenta uma alus\u00e3o impl\u00edcita a qualquer coisa\u201d. Serve de exemplo a fotografia sobre as agendas de Egas Moniz \u201conde ele tinha marcadas muitas idas ao alfaiate o que poderia ser um c\u00f3digo\u201d, diz o fot\u00f3grafo estarrejense. <\/p>\n<p>A exposi\u00e7\u00e3o, composta por 23 fotografias, est\u00e1 patente ao p\u00fablico, at\u00e9 dia 25 de Outubro,  na Loja do Cidad\u00e3o,  em Aveiro.   <\/p>\n","protected":false},"excerpt":{"rendered":"<p>Na Loja do Cidad\u00e3o, em Aveiro<\/p>\n","protected":false},"author":1,"featured_media":0,"comment_status":"open","ping_status":"open","sticky":false,"template":"","format":"standard","meta":{"footnotes":""},"categories":[66],"tags":[],"class_list":["post-24","post","type-post","status-publish","format-standard","hentry","category-cultura"],"_links":{"self":[{"href":"https:\/\/sites.ecclesia.pt\/cv\/wp-json\/wp\/v2\/posts\/24","targetHints":{"allow":["GET"]}}],"collection":[{"href":"https:\/\/sites.ecclesia.pt\/cv\/wp-json\/wp\/v2\/posts"}],"about":[{"href":"https:\/\/sites.ecclesia.pt\/cv\/wp-json\/wp\/v2\/types\/post"}],"author":[{"embeddable":true,"href":"https:\/\/sites.ecclesia.pt\/cv\/wp-json\/wp\/v2\/users\/1"}],"replies":[{"embeddable":true,"href":"https:\/\/sites.ecclesia.pt\/cv\/wp-json\/wp\/v2\/comments?post=24"}],"version-history":[{"count":0,"href":"https:\/\/sites.ecclesia.pt\/cv\/wp-json\/wp\/v2\/posts\/24\/revisions"}],"wp:attachment":[{"href":"https:\/\/sites.ecclesia.pt\/cv\/wp-json\/wp\/v2\/media?parent=24"}],"wp:term":[{"taxonomy":"category","embeddable":true,"href":"https:\/\/sites.ecclesia.pt\/cv\/wp-json\/wp\/v2\/categories?post=24"},{"taxonomy":"post_tag","embeddable":true,"href":"https:\/\/sites.ecclesia.pt\/cv\/wp-json\/wp\/v2\/tags?post=24"}],"curies":[{"name":"wp","href":"https:\/\/api.w.org\/{rel}","templated":true}]}}