{"id":24014,"date":"2012-11-14T16:11:00","date_gmt":"2012-11-14T16:11:00","guid":{"rendered":"http:\/\/localhost:81\/wp1\/?p=24014"},"modified":"2012-11-14T16:11:00","modified_gmt":"2012-11-14T16:11:00","slug":"ha-redencao-para-a-democracia","status":"publish","type":"post","link":"https:\/\/sites.ecclesia.pt\/cv\/ha-redencao-para-a-democracia\/","title":{"rendered":"H\u00e1 reden\u00e7\u00e3o para a democracia?"},"content":{"rendered":"<p>Revista <!--more--> Democracia<\/p>\n<p>Communio. Revista Internacional Cat\u00f3lica<\/p>\n<p>Janeiro\/Mar\u00e7o de 2012<\/p>\n<p>128 p\u00e1ginas<\/p>\n<p>O primeiro n\u00famero da \u201cCommunio\u201d em 2012 (entretanto j\u00e1 saiu outro, que ser\u00e1 recenseado nestas p\u00e1ginas numa pr\u00f3xima edi\u00e7\u00e3o) tem como tema \u201cDemocracia\u201d. <\/p>\n<p>Poder\u00edamos pensar que este n\u00famero da revista internacional cat\u00f3lica foi pensado como resposta \u00e0 situa\u00e7\u00e3o pol\u00edtica portuguesa. N\u00e3o vivemos em crise democr\u00e1tica, \u00e9 certo, mas n\u00e3o t\u00eam faltado apelos ora indignados ora resignados \u00e0 mudan\u00e7a de governo, desabafos mais ou menos p\u00fablicos sobre a incapacidade de a democracia resolver os problemas, que s\u00e3o basicamente tr\u00eas, a (in)justi\u00e7a, a pobreza e o desequil\u00edbrio das contas p\u00fablicas, e tamb\u00e9m, desejos e iniciativas de aprofundamento da vida democr\u00e1tica. Por\u00e9m, como \u00e9 pr\u00e1tica desta revista, os temas s\u00e3o anunciados com mais de um ano de anteced\u00eancia. E, se neste n\u00famero h\u00e1 artigos sobre a realidade portuguesa, referem-se aos princ\u00edpios da atividade pol\u00edtica (Adriano Moreira, no artigo \u201cA dignidade pol\u00edtica\u201d), \u00e0s imposi\u00e7\u00f5es de fora (credores, ag\u00eancias de nota\u00e7\u00e3o financeira, troika) sobre pa\u00edses mediterr\u00e2nicos (Jos\u00e9 Manuel Pureza: \u201cO povo \u00e9 quem mais ordena?\u201d), \u00e0 crise financeira internacional que come\u00e7ou em 2008 (Guilherme d\u2019Oliveira Martins: \u201cUma crise com li\u00e7\u00f5es muito urgentes\u201d), e n\u00e3o \u00e0 pol\u00edtica partid\u00e1ria que preenche os espa\u00e7os da comunica\u00e7\u00e3o social, quase sempre mexendo as \u00e1guas \u00e0 superf\u00edcie mas pouco ligando \u00e0 corrente profunda, que \u00e9 a que mais influencia as nossas vidas. Nessa linha, este n\u00famero deve ser lido numa perspetiva mais larga e menos contextualizada, indo aos fundamentos da democracia. Prestam-se a isso artigos como o de Jos\u00e9 Pedro Serra, \u201cA democracia na Gr\u00e9cia Antiga\u201d, para as ra\u00edzes na hist\u00f3ria, e principalmente os de R\u00e9mi Brague (\u201cPode o homem sobreviver \u00e0 democracia?\u201d), Bento XVI (\u201cO fundamentos do Estado liberal de direito\u201d \u2013 discurso no parlamento federal alem\u00e3o em 2011), Herbert Schlogel (\u201cA democracia vive das virtudes e com as virtudes\u201d) e Dominique Weber (\u201cO futuro da democracia\u201d).<\/p>\n<p>Destaquemos o texto de R\u00e9mi Brague, te\u00f3logo e fil\u00f3sofo franc\u00eas que no dia 20 de outubro de 2012 recebeu das m\u00e3os de Bento XVI o \u201cPr\u00e9mio Ratzinger\u201d, apelidado de \u201cnobel da teologia\u201d (ver CV de 24 de outubro). Sem receio de colocar perguntas radicais que podem parecer tolas, responde a: \u201cA democracia \u00e9 um regime que permite a sobreviv\u00eancia do homem? Ou, pelo contr\u00e1rio, tende a provocar o desaparecimento deste?\u201d Mas estas perguntas de tolo t\u00eam pouco, se lermos a seguir que \u201ca democracia concentra a consci\u00eancia humana sobre o presente e f\u00e1-la desinteressar-se do futuro\u201d (p\u00e1g. 76), aquilo a que o autor chama \u201cparontocentrismo\u201d (estar demasiado centrado no presente) e que est\u00e1 t\u00e3o patente nas dificuldades de um Estado assumir pol\u00edticas geracionais. Como resolver a quest\u00e3o, na procura de um fundamento mais humanizador da democracia? \u201cCertamente que n\u00e3o do interior do espa\u00e7o social\u201d, porque \u201cn\u00e3o compete ao homem dizer, com imparcialidade, se \u00e9 bom que o homem exista\u201d. \u201cSe a \u00absociedade\u00bb suposta pela democracia e que est\u00e1 toda presente n\u00e3o tem necessidade de transcend\u00eancia, a esp\u00e9cie humana, essa, se quiser continuar a existir no futuro, tem dela necessidade absoluta\u00bb\u201d. H\u00e1 espa\u00e7o, ent\u00e3o, para pensar uma democracia radicada na transcend\u00eancia? Sim, se ainda quisermos que a democracia sirva os seres humanos, os de agora e os que h\u00e3o de vir, e n\u00e3o o contr\u00e1rio. Talvez seja isso a salva\u00e7\u00e3o da democracia.<\/p>\n<p>J.P.F.<\/p>\n","protected":false},"excerpt":{"rendered":"<p>Revista<\/p>\n","protected":false},"author":1,"featured_media":0,"comment_status":"open","ping_status":"open","sticky":false,"template":"","format":"standard","meta":{"footnotes":""},"categories":[54],"tags":[],"class_list":["post-24014","post","type-post","status-publish","format-standard","hentry","category-livros-e-multimedia"],"_links":{"self":[{"href":"https:\/\/sites.ecclesia.pt\/cv\/wp-json\/wp\/v2\/posts\/24014","targetHints":{"allow":["GET"]}}],"collection":[{"href":"https:\/\/sites.ecclesia.pt\/cv\/wp-json\/wp\/v2\/posts"}],"about":[{"href":"https:\/\/sites.ecclesia.pt\/cv\/wp-json\/wp\/v2\/types\/post"}],"author":[{"embeddable":true,"href":"https:\/\/sites.ecclesia.pt\/cv\/wp-json\/wp\/v2\/users\/1"}],"replies":[{"embeddable":true,"href":"https:\/\/sites.ecclesia.pt\/cv\/wp-json\/wp\/v2\/comments?post=24014"}],"version-history":[{"count":0,"href":"https:\/\/sites.ecclesia.pt\/cv\/wp-json\/wp\/v2\/posts\/24014\/revisions"}],"wp:attachment":[{"href":"https:\/\/sites.ecclesia.pt\/cv\/wp-json\/wp\/v2\/media?parent=24014"}],"wp:term":[{"taxonomy":"category","embeddable":true,"href":"https:\/\/sites.ecclesia.pt\/cv\/wp-json\/wp\/v2\/categories?post=24014"},{"taxonomy":"post_tag","embeddable":true,"href":"https:\/\/sites.ecclesia.pt\/cv\/wp-json\/wp\/v2\/tags?post=24014"}],"curies":[{"name":"wp","href":"https:\/\/api.w.org\/{rel}","templated":true}]}}