{"id":24022,"date":"2012-11-22T09:49:00","date_gmt":"2012-11-22T09:49:00","guid":{"rendered":"http:\/\/localhost:81\/wp1\/?p=24022"},"modified":"2012-11-22T09:49:00","modified_gmt":"2012-11-22T09:49:00","slug":"p-e-manuel-arlindo-ha-25-anos-em-bustos","status":"publish","type":"post","link":"https:\/\/sites.ecclesia.pt\/cv\/p-e-manuel-arlindo-ha-25-anos-em-bustos\/","title":{"rendered":"P.e Manuel Arlindo h\u00e1 25 anos em Bustos"},"content":{"rendered":"<p>A par\u00f3quia de Bustos, com D. Ant\u00f3nio Francisco e os padres do arciprestado de Oliveira do Bairro, assinalou os 25 anos do P.e Manuel Arlindo da Rocha Valente \u00e0 frente da comunidade bairradina. O Bispo de Aveiro presidiu \u00e0 missa de a\u00e7\u00e3o de gra\u00e7as, seguindo-se almo\u00e7o e conv\u00edvio com muitos paroquianos e amigos. <\/p>\n","protected":false},"excerpt":{"rendered":"<p>A par\u00f3quia de Bustos, com D. Ant\u00f3nio Francisco e os padres do arciprestado de Oliveira do Bairro, assinalou os 25 anos do P.e Manuel Arlindo da Rocha Valente \u00e0 frente da comunidade bairradina. O Bispo de Aveiro presidiu \u00e0 missa de a\u00e7\u00e3o de gra\u00e7as, seguindo-se almo\u00e7o e conv\u00edvio com muitos paroquianos e amigos.<\/p>\n","protected":false},"author":1,"featured_media":0,"comment_status":"open","ping_status":"open","sticky":false,"template":"","format":"standard","meta":{"footnotes":""},"categories":[70],"tags":[],"class_list":["post-24022","post","type-post","status-publish","format-standard","hentry","category-diocese"],"_links":{"self":[{"href":"https:\/\/sites.ecclesia.pt\/cv\/wp-json\/wp\/v2\/posts\/24022","targetHints":{"allow":["GET"]}}],"collection":[{"href":"https:\/\/sites.ecclesia.pt\/cv\/wp-json\/wp\/v2\/posts"}],"about":[{"href":"https:\/\/sites.ecclesia.pt\/cv\/wp-json\/wp\/v2\/types\/post"}],"author":[{"embeddable":true,"href":"https:\/\/sites.ecclesia.pt\/cv\/wp-json\/wp\/v2\/users\/1"}],"replies":[{"embeddable":true,"href":"https:\/\/sites.ecclesia.pt\/cv\/wp-json\/wp\/v2\/comments?post=24022"}],"version-history":[{"count":0,"href":"https:\/\/sites.ecclesia.pt\/cv\/wp-json\/wp\/v2\/posts\/24022\/revisions"}],"wp:attachment":[{"href":"https:\/\/sites.ecclesia.pt\/cv\/wp-json\/wp\/v2\/media?parent=24022"}],"wp:term":[{"taxonomy":"category","embeddable":true,"href":"https:\/\/sites.ecclesia.pt\/cv\/wp-json\/wp\/v2\/categories?post=24022"},{"taxonomy":"post_tag","embeddable":true,"href":"https:\/\/sites.ecclesia.pt\/cv\/wp-json\/wp\/v2\/tags?post=24022"}],"curies":[{"name":"wp","href":"https:\/\/api.w.org\/{rel}","templated":true}]}}