{"id":24023,"date":"2012-11-22T09:50:00","date_gmt":"2012-11-22T09:50:00","guid":{"rendered":"http:\/\/localhost:81\/wp1\/?p=24023"},"modified":"2012-11-22T09:50:00","modified_gmt":"2012-11-22T09:50:00","slug":"atrio-dos-gentios-e-porta-que-fica-aberta","status":"publish","type":"post","link":"https:\/\/sites.ecclesia.pt\/cv\/atrio-dos-gentios-e-porta-que-fica-aberta\/","title":{"rendered":"\u00c1trio dos Gentios \u00e9 porta que fica aberta"},"content":{"rendered":"<p>O Arcebispo de Braga e a coordenadora geral do evento apontam \u00e0 continuidade do projeto de encontro entre crentes e n\u00e3o crentes.<\/p>\n<p>O arcebispo de Braga elogiou a realiza\u00e7\u00e3o do \u00c1trio dos Gentios, projeto de encontro entre crentes e n\u00e3o crentes promovido pelo Vaticano, que a diocese acolheu entre sexta-feira e s\u00e1bado da semana, afirmando que a iniciativa vai ter continuidade.<\/p>\n<p>\u201cO \u00c1trio dos Gentios \u00e9 apenas uma porta que se abre e o fundamental est\u00e1 no que se encontra para l\u00e1 dessa porta, no que poder\u00e1 surgir\u201d, disse D. Jorge Ortiga, no final do evento.<\/p>\n<p>O prelado revelou que o objetivo foi fazer que a Igreja Cat\u00f3lica \u201cseja este \u00e1trio aberto\u201d, para permitir que diversas sensibilidades \u201cpossam convergir para gerar fraternidade\u201d, sem que ningu\u00e9m tenha de renunciar \u00e0 sua pr\u00f3pria identidade.<\/p>\n<p>\u201cPodemos e devemos lutar muito mais pela justi\u00e7a, pela comunh\u00e3o, para que nos sintamos verdadeiramente pessoas unidas, que abrem o seu cora\u00e7\u00e3o, para atrav\u00e9s da partilha aquecer um pouco mais os tempos um pouco sombrios que correm\u201d, declarou.<\/p>\n<p>O tamb\u00e9m presidente da Comiss\u00e3o Episcopal da Pastoral Social e Mobilidade Humana sublinha que \u201cviver hoje implica direitos\u201d e que a realidade do desemprego, em particular junto dos mais jovens, \u00e9 \u201cum alerta\u201d para Portugal.<\/p>\n<p>D. Jorge Ortiga elogiou a \u201cades\u00e3o extremamente significativa\u201d do p\u00fablico \u00e0s v\u00e1rias iniciativas propostas em Guimar\u00e3es, capital europeia da cultura, e Braga, capital europeia da juventude, que foram de confer\u00eancias a concertos, passando por seis pain\u00e9is em volta do tema central do \u00e1trio, \u2018O Valor da Vida\u2019, desde v\u00e1rias perspetivas.<\/p>\n<p>\u201cO Portugal de hoje precisa de refletir sobre os valores, mas o valor dos valores \u00e9 efetivamente a vida, revestida de uma dignidade sublime que ningu\u00e9m pode ignorar, n\u00e3o apenas a vida de alguns, mas a vida de todos\u201d, referiu.<\/p>\n<p>A coordenadora geral do evento, Isabel Varanda, refor\u00e7ou a ideia de que \u201ca casa continua aberta\u201d, assinalando o \u201cesp\u00edrito de grande encontro\u201d numa \u201cgrande festa\u201d nas duas cidades do Minho. \u201cO \u00e1trio vai continuar\u201d, precisou, adiantando que a organiza\u00e7\u00e3o quer publicar em breve \u201ctodos os textos\u201d da sess\u00e3o.<\/p>\n<p>Isabel Varanda destacou o facto de 20 igrejas de Braga terem estado abertas durante o s\u00e1bado, com uma luz \u00e0 sua entrada, convidando as pessoas e mostrando a sensibilidade de \u201cmostrar que h\u00e1 lugares no mundo onde \u00e9 bom estar, onde \u00e9 bom entrar\u201d sem ter de pagar, crente ou n\u00e3o. \u201cPrecisamos de redescobrir a gratuidade\u201d, concluiu, lembrando que todo o \u00c1trio dos Gentios decorreu sem qualquer encargo para os participantes.<\/p>\n<p>O \u00c1trio dos Gentios concluiu-se numa Catedral de Braga lotada, ao som das palmas que acompanharam a apresenta\u00e7\u00e3o da \u2018Missa Brevis\u2019, de Jo\u00e3o Gil, que tamb\u00e9m a interpreta integrado no grupo \u2018Cantate\u2019.<\/p>\n<p>O cardeal Gianfranco Ravasi, presidente do Conselho Pontif\u00edcio da Cultura \u2013 organismo da Santa S\u00e9 que dinamiza este projeto \u2013 falou aos presentes para assinalar o \u201c\u00eaxito estrondoso\u201d do evento e manifestar a sua admira\u00e7\u00e3o pela cidade e as gentes de Braga e Guimar\u00e3es.<\/p>\n<p>Ag. Ecclesia<\/p>\n<p>Ecos de algumas interven\u00e7\u00f5es<\/p>\n<p>A consci\u00eancia da sacralidade da vida que nos foi confiada, n\u00e3o como algo de que se possa dispor livremente, mas como dom a guardar fielmente, pertence \u00e0 heran\u00e7a moral da humanidade. \u00abMesmo entre dificuldades e incertezas, cada homem sinceramente aberto \u00e0 verdade e ao bem, com a luz da raz\u00e3o e n\u00e3o sem o secreto influxo da gra\u00e7a, pode chegar a reconhecer na lei natural inscrita no cora\u00e7\u00e3o (cf. Rm 2, 14-15) o valor sagrado da vida humana desde o primeiro momento do seu in\u00edcio at\u00e9 ao seu termo\u00bb (Enc. Evangelium vit\u00e6, 2). N\u00e3o somos produto casual da evolu\u00e7\u00e3o, mas cada um de n\u00f3s \u00e9 fruto de um pensamento de Deus: somos amados por Ele.<\/p>\n<p>Bento XVI, na mensagem enviada aos participantes da sess\u00e3o portuguesa do \u00c1trio dos Gentios<\/p>\n<p>\u00abUma das grandes trag\u00e9dias do nosso tempo \u00e9 que as grandes perguntas j\u00e1 n\u00e3o se coloquem\u00bb.<\/p>\n<p>Cardeal Gianfranco Ravasi, presidente do Pontif\u00edcio Conselho da Cultura <\/p>\n<p>A poesia \u00ab\u00e9 uma linguagem de intensidades\u00bb que fala \u00ab\u00e0 cabe\u00e7a e ao cora\u00e7\u00e3o\u00bb, cont\u00e9m o \u00absil\u00eancio\u00bb e convoca a \u00abalegria\u00bb, podendo tornar-se potenciadora do \u00abdevir\u00bb.<\/p>\n<p>Ana Lu\u00edsa Amaral, poetisa que se apresentou como uma pessoa n\u00e3o crente \u00e0 \u00abprocura\u00bb de Deus.<\/p>\n<p>Num mundo que se caracteriza pelo \u00abexcesso de armas, consumo, imagens que substituem a realidade e aus\u00eancia\u00bb, a \u00abmaior amea\u00e7a\u00bb poder\u00e1 ser a \u00abaceita\u00e7\u00e3o da diminui\u00e7\u00e3o dos afetos e a tristeza como inevit\u00e1vel\u00bb.<\/p>\n<p>Tolentino Mendon\u00e7a, padre e poeta<\/p>\n<p>\u00abA maneira como cada um encara a dignidade da vida e do morrer \u00e9 pessoal (\u2026) [A minha f\u00e9] partiu e deixou no seu lugar uma ang\u00fastia metaf\u00edsica\u00bb.<\/p>\n<p>Jo\u00e3o Lobo Antunes, neurocirurgi\u00e3o e ensa\u00edsta<\/p>\n<p>Fonte: www.snpcultura.org (Secretariado Nacional da Pastoral da Cultura)<\/p>\n","protected":false},"excerpt":{"rendered":"<p>O Arcebispo de Braga e a coordenadora geral do evento apontam \u00e0 continuidade do projeto de encontro entre crentes e n\u00e3o crentes. O arcebispo de Braga elogiou a realiza\u00e7\u00e3o do \u00c1trio dos Gentios, projeto de encontro entre crentes e n\u00e3o crentes promovido pelo Vaticano, que a diocese acolheu entre sexta-feira e s\u00e1bado da semana, afirmando [&hellip;]<\/p>\n","protected":false},"author":1,"featured_media":0,"comment_status":"open","ping_status":"open","sticky":false,"template":"","format":"standard","meta":{"footnotes":""},"categories":[53],"tags":[],"class_list":["post-24023","post","type-post","status-publish","format-standard","hentry","category-igreja-em-portugal"],"_links":{"self":[{"href":"https:\/\/sites.ecclesia.pt\/cv\/wp-json\/wp\/v2\/posts\/24023","targetHints":{"allow":["GET"]}}],"collection":[{"href":"https:\/\/sites.ecclesia.pt\/cv\/wp-json\/wp\/v2\/posts"}],"about":[{"href":"https:\/\/sites.ecclesia.pt\/cv\/wp-json\/wp\/v2\/types\/post"}],"author":[{"embeddable":true,"href":"https:\/\/sites.ecclesia.pt\/cv\/wp-json\/wp\/v2\/users\/1"}],"replies":[{"embeddable":true,"href":"https:\/\/sites.ecclesia.pt\/cv\/wp-json\/wp\/v2\/comments?post=24023"}],"version-history":[{"count":0,"href":"https:\/\/sites.ecclesia.pt\/cv\/wp-json\/wp\/v2\/posts\/24023\/revisions"}],"wp:attachment":[{"href":"https:\/\/sites.ecclesia.pt\/cv\/wp-json\/wp\/v2\/media?parent=24023"}],"wp:term":[{"taxonomy":"category","embeddable":true,"href":"https:\/\/sites.ecclesia.pt\/cv\/wp-json\/wp\/v2\/categories?post=24023"},{"taxonomy":"post_tag","embeddable":true,"href":"https:\/\/sites.ecclesia.pt\/cv\/wp-json\/wp\/v2\/tags?post=24023"}],"curies":[{"name":"wp","href":"https:\/\/api.w.org\/{rel}","templated":true}]}}