{"id":24024,"date":"2012-11-22T09:51:00","date_gmt":"2012-11-22T09:51:00","guid":{"rendered":"http:\/\/localhost:81\/wp1\/?p=24024"},"modified":"2012-11-22T09:51:00","modified_gmt":"2012-11-22T09:51:00","slug":"rostos-palavras-132","status":"publish","type":"post","link":"https:\/\/sites.ecclesia.pt\/cv\/rostos-palavras-132\/","title":{"rendered":"Rostos &#038; Palavras"},"content":{"rendered":"<p>\u201cAssim como milh\u00f5es de pequenas velas acesas, somando-se umas \u00e0s outras, produzem uma grande luz capaz de iluminar um grande espa\u00e7o, do mesmo modo a f\u00e9 de muitos, vivida e testemunhada em conjunto, irradia uma grande luz, a luz que \u00e9 o pr\u00f3prio Cristo, a luz do mundo\u201d.<\/p>\n<p>D. Rino Passigato, representante da Santa S\u00e9 em Portugal, no lan\u00e7amento da 10.\u00aa edi\u00e7\u00e3o da iniciativa da C\u00e1ritas \u201c10 milh\u00f5es de Estrelas, um gesto pela Paz\u201d. A venda das velas reverte para os aux\u00edlios das C\u00e1ritas diocesanas (65%) e para um projeto de promo\u00e7\u00e3o da fam\u00edlia na Amaz\u00f3nia, Brasil (35%).<\/p>\n","protected":false},"excerpt":{"rendered":"<p>\u201cAssim como milh\u00f5es de pequenas velas acesas, somando-se umas \u00e0s outras, produzem uma grande luz capaz de iluminar um grande espa\u00e7o, do mesmo modo a f\u00e9 de muitos, vivida e testemunhada em conjunto, irradia uma grande luz, a luz que \u00e9 o pr\u00f3prio Cristo, a luz do mundo\u201d. D. Rino Passigato, representante da Santa S\u00e9 [&hellip;]<\/p>\n","protected":false},"author":1,"featured_media":0,"comment_status":"open","ping_status":"open","sticky":false,"template":"","format":"standard","meta":{"footnotes":""},"categories":[53],"tags":[],"class_list":["post-24024","post","type-post","status-publish","format-standard","hentry","category-igreja-em-portugal"],"_links":{"self":[{"href":"https:\/\/sites.ecclesia.pt\/cv\/wp-json\/wp\/v2\/posts\/24024","targetHints":{"allow":["GET"]}}],"collection":[{"href":"https:\/\/sites.ecclesia.pt\/cv\/wp-json\/wp\/v2\/posts"}],"about":[{"href":"https:\/\/sites.ecclesia.pt\/cv\/wp-json\/wp\/v2\/types\/post"}],"author":[{"embeddable":true,"href":"https:\/\/sites.ecclesia.pt\/cv\/wp-json\/wp\/v2\/users\/1"}],"replies":[{"embeddable":true,"href":"https:\/\/sites.ecclesia.pt\/cv\/wp-json\/wp\/v2\/comments?post=24024"}],"version-history":[{"count":0,"href":"https:\/\/sites.ecclesia.pt\/cv\/wp-json\/wp\/v2\/posts\/24024\/revisions"}],"wp:attachment":[{"href":"https:\/\/sites.ecclesia.pt\/cv\/wp-json\/wp\/v2\/media?parent=24024"}],"wp:term":[{"taxonomy":"category","embeddable":true,"href":"https:\/\/sites.ecclesia.pt\/cv\/wp-json\/wp\/v2\/categories?post=24024"},{"taxonomy":"post_tag","embeddable":true,"href":"https:\/\/sites.ecclesia.pt\/cv\/wp-json\/wp\/v2\/tags?post=24024"}],"curies":[{"name":"wp","href":"https:\/\/api.w.org\/{rel}","templated":true}]}}