{"id":24026,"date":"2012-11-22T09:54:00","date_gmt":"2012-11-22T09:54:00","guid":{"rendered":"http:\/\/localhost:81\/wp1\/?p=24026"},"modified":"2012-11-22T09:54:00","modified_gmt":"2012-11-22T09:54:00","slug":"egito-6","status":"publish","type":"post","link":"https:\/\/sites.ecclesia.pt\/cv\/egito-6\/","title":{"rendered":"Egito"},"content":{"rendered":"<p>Crist\u00e3os no Mundo <!--more--> O cardeal Kurt Koch, presidente do Conselho Pontif\u00edcio para a Promo\u00e7\u00e3o da Unidade dos Crist\u00e3os, participou na entroniza\u00e7\u00e3o do 118.\u00b0 Papa de Alexandria, que decorreu na Catedral de S\u00e3o Marcos, Cairo, no domingo. O cardeal levou uma mensagem Bento XVI a Teodoro II. Na missiva, Bento XVI diz-se \u201cconsciente dos grandes desafios que acompanham o minist\u00e9rio pastoral e espiritual\u201d do novo papa copta, assegurando \u201cora\u00e7\u00f5es e votos pessoais de bem\u201d.<\/p>\n","protected":false},"excerpt":{"rendered":"<p>Crist\u00e3os no Mundo<\/p>\n","protected":false},"author":1,"featured_media":0,"comment_status":"open","ping_status":"open","sticky":false,"template":"","format":"standard","meta":{"footnotes":""},"categories":[55],"tags":[],"class_list":["post-24026","post","type-post","status-publish","format-standard","hentry","category-igreja-no-mundo"],"_links":{"self":[{"href":"https:\/\/sites.ecclesia.pt\/cv\/wp-json\/wp\/v2\/posts\/24026","targetHints":{"allow":["GET"]}}],"collection":[{"href":"https:\/\/sites.ecclesia.pt\/cv\/wp-json\/wp\/v2\/posts"}],"about":[{"href":"https:\/\/sites.ecclesia.pt\/cv\/wp-json\/wp\/v2\/types\/post"}],"author":[{"embeddable":true,"href":"https:\/\/sites.ecclesia.pt\/cv\/wp-json\/wp\/v2\/users\/1"}],"replies":[{"embeddable":true,"href":"https:\/\/sites.ecclesia.pt\/cv\/wp-json\/wp\/v2\/comments?post=24026"}],"version-history":[{"count":0,"href":"https:\/\/sites.ecclesia.pt\/cv\/wp-json\/wp\/v2\/posts\/24026\/revisions"}],"wp:attachment":[{"href":"https:\/\/sites.ecclesia.pt\/cv\/wp-json\/wp\/v2\/media?parent=24026"}],"wp:term":[{"taxonomy":"category","embeddable":true,"href":"https:\/\/sites.ecclesia.pt\/cv\/wp-json\/wp\/v2\/categories?post=24026"},{"taxonomy":"post_tag","embeddable":true,"href":"https:\/\/sites.ecclesia.pt\/cv\/wp-json\/wp\/v2\/tags?post=24026"}],"curies":[{"name":"wp","href":"https:\/\/api.w.org\/{rel}","templated":true}]}}