{"id":24036,"date":"2012-11-22T10:16:00","date_gmt":"2012-11-22T10:16:00","guid":{"rendered":"http:\/\/localhost:81\/wp1\/?p=24036"},"modified":"2012-11-22T10:16:00","modified_gmt":"2012-11-22T10:16:00","slug":"revista-im-online","status":"publish","type":"post","link":"https:\/\/sites.ecclesia.pt\/cv\/revista-im-online\/","title":{"rendered":"Revista IM online"},"content":{"rendered":"<p>http:\/\/immagazine.sapo.pt\/ <!--more--> A sugest\u00e3o desta semana passa pela apresenta\u00e7\u00e3o de uma revista virtual, a IM Magazine. Ao aceder e ler a IM, \u201cvai conhecer muitos Impulsionadores da Mudan\u00e7a, Ideias em Movimento, Inten\u00e7\u00f5es Maiores, Investimentos Marcantes, Inven\u00e7\u00f5es Magn\u00edficas, Intelig\u00eancias M\u00faltiplas, Itiner\u00e1rios da Mudan\u00e7a e muitos mais IM\u201d.<\/p>\n<p>Da ci\u00eancia \u00e0 tecnologia, da educa\u00e7\u00e3o ao ambiente, da arquitetura \u00e0 pol\u00edtica, da sociologia \u00e0 economia, da psicologia \u00e0 investiga\u00e7\u00e3o, da solidariedade \u00e0 responsabilidade social, entramos num projeto que veio trazer ao universo dos m\u00e9dia um conceito inovador: divulgar o que de melhor se faz para um mundo melhor, em qualquer campo de interesse para a humanidade. Conhecendo projetos que marcam a diferen\u00e7a, as ideias que v\u00e3o revolucionar o amanh\u00e3, as empresas inovadoras e respons\u00e1veis, as novas solu\u00e7\u00f5es para velhos problemas, isto \u00e9, novas formas de olharmos e pensarmos o mundo. <\/p>\n<p>Logo na p\u00e1gina inicial, encontramos os habituais destaques apresentados de uma maneira diferente, com um design atraente e cores bastante apelativas, transmitindo uma ideia positiva e de esperan\u00e7a. Para ficarmos a conhecer todos os artigos que foram redigidos para esta revista, basta acedermos ao item com o mesmo nome. <\/p>\n<p>Em \u201centrevistas IM\u201d, acedemos a \u201cum espa\u00e7o \u00fanico no mundo da web, porque agrega v\u00eddeos para um mundo melhor, de todas as origens. Aqui a inspira\u00e7\u00e3o acontece simplesmente\u201d. A op\u00e7\u00e3o \u201cagenda\u201d, serve para que atualizemos a nossa agenda pessoal, com os eventos e a\u00e7\u00f5es que v\u00e3o acontecendo por este mundo fora. Podemos participar neste projeto, para tal basta entrarmos em \u201cparticipe\u201d, pois a\u00ed podemos partilhar ideias, pensamentos, a\u00e7\u00f5es e conhecimento.<\/p>\n<p>Em \u201ccolaboradores\u201d, vemos quem s\u00e3o as pessoas que j\u00e1 aderiram a esta ideia positiva, sejam \u201cjornalistas ou engenheiros, bi\u00f3logos ou bioqu\u00edmicos, psiquiatras ou psicoterapeutas, economistas ou f\u00edsicos, consultores ou investigadores, arquitetos ou agr\u00f3nomos, m\u00e9dicos ou publicit\u00e1rios, designers ou fot\u00f3grafos, ilustradores ou webdevelopers, que est\u00e3o de m\u00e3os dadas com a IM, provando que a capacidade de sonhar, e de acreditar, continua viva\u201d. <\/p>\n<p>Aqui fica a sugest\u00e3o. Adiram a este este s\u00edtio porque, acima de tudo, esta revista virtual \u00e9 um lugar de constru\u00e7\u00e3o, de intelig\u00eancia e de humanidade. Vamos dizer ao mundo o que de melhor est\u00e1 a acontecer!<\/p>\n<p>Fernando Cassola Marques<\/p>\n","protected":false},"excerpt":{"rendered":"<p>http:\/\/immagazine.sapo.pt\/<\/p>\n","protected":false},"author":1,"featured_media":0,"comment_status":"open","ping_status":"open","sticky":false,"template":"","format":"standard","meta":{"footnotes":""},"categories":[54],"tags":[],"class_list":["post-24036","post","type-post","status-publish","format-standard","hentry","category-livros-e-multimedia"],"_links":{"self":[{"href":"https:\/\/sites.ecclesia.pt\/cv\/wp-json\/wp\/v2\/posts\/24036","targetHints":{"allow":["GET"]}}],"collection":[{"href":"https:\/\/sites.ecclesia.pt\/cv\/wp-json\/wp\/v2\/posts"}],"about":[{"href":"https:\/\/sites.ecclesia.pt\/cv\/wp-json\/wp\/v2\/types\/post"}],"author":[{"embeddable":true,"href":"https:\/\/sites.ecclesia.pt\/cv\/wp-json\/wp\/v2\/users\/1"}],"replies":[{"embeddable":true,"href":"https:\/\/sites.ecclesia.pt\/cv\/wp-json\/wp\/v2\/comments?post=24036"}],"version-history":[{"count":0,"href":"https:\/\/sites.ecclesia.pt\/cv\/wp-json\/wp\/v2\/posts\/24036\/revisions"}],"wp:attachment":[{"href":"https:\/\/sites.ecclesia.pt\/cv\/wp-json\/wp\/v2\/media?parent=24036"}],"wp:term":[{"taxonomy":"category","embeddable":true,"href":"https:\/\/sites.ecclesia.pt\/cv\/wp-json\/wp\/v2\/categories?post=24036"},{"taxonomy":"post_tag","embeddable":true,"href":"https:\/\/sites.ecclesia.pt\/cv\/wp-json\/wp\/v2\/tags?post=24036"}],"curies":[{"name":"wp","href":"https:\/\/api.w.org\/{rel}","templated":true}]}}