{"id":24038,"date":"2012-11-22T10:21:00","date_gmt":"2012-11-22T10:21:00","guid":{"rendered":"http:\/\/localhost:81\/wp1\/?p=24038"},"modified":"2012-11-22T10:21:00","modified_gmt":"2012-11-22T10:21:00","slug":"21-de-novembro-na-historia-de-aveiro","status":"publish","type":"post","link":"https:\/\/sites.ecclesia.pt\/cv\/21-de-novembro-na-historia-de-aveiro\/","title":{"rendered":"21 de novembro na hist\u00f3ria de Aveiro"},"content":{"rendered":"<p>1547 \u2014 O insigne aveirense e primeiro gram\u00e1tico portugu\u00eas, o dominicano Padre Fern\u00e3o de Oliveira, compareceu perante os ju\u00edzes do Tribunal do Santo Of\u00edcio, em Lisboa, acusado por um seu inimigo de defender doutrinas her\u00e9ticas, ficando encerrado nas masmorras da Inquisi\u00e7\u00e3o. Na imagem: Primeira e \u00faltima paginas da \u201cGrammatica da lingoagem portuguesa\u201d, de Fern\u00e3o Doliueira, publicada em \u201cLixboa\u201d, em casa d`Germ\u00e3o Galharde, no dia 27 de janeiro de 1536. <\/p>\n<p>1691 \u2014 Foi passada carta de apresenta\u00e7\u00e3o da vigararia da igreja matriz de S. Miguel, da vila de Aveiro, ao Padre Matias de Almeida.<\/p>\n<p>1703 \u2014 Ant\u00f3nio Fernandes, o Tenente, mestre entalhador da freguesia de Landim, comprometeu-se, por escritura, a fazer o ret\u00e1bulo-mor da antiga e h\u00e1 muito desaparecida igreja de S. Pedro de Aradas, atualmente do concelho de Aveiro, pela import\u00e2ncia de 40.000 r\u00e9is.<\/p>\n<p>1736 \u2014 O arcediago do Vouga, Padre Dr. Jo\u00e3o Rodrigues Pereira de Figueiredo, em nome do bispo de Coimbra visitou a freguesia de Requeixo. Os habitantes do lugar de Fermentelos, representados pelos Padres Jo\u00e3o Sim\u00f5es de Sampaio e Adri\u00e3o Francisco, pediram ent\u00e3o a desanexa\u00e7\u00e3o da igreja de S. Paio de Requeixo, no que concordou o prior, contanto que ficasse com o direito de apresentar os respetivas curas.<\/p>\n<p>1780 \u2014 Nasceu o em\u00e9rito aveirense Dr. Jos\u00e9 Barreto Ferraz de Vasconcelos, fidalgo cavaleiro da Casa Real e oitavo administrador do Morgado da Granja; era filho de Casimiro Barreto Ferraz de Vasconcelos e de D. Ang\u00e9lica Margarida Pereira da Silva Medela. Frequentando a Universidade, na Faculdade de Direito, deu invulgares provas de intelig\u00eancia e de aplica\u00e7\u00e3o; e, entre os cargos que ocupou na magistratura, exerceu o de provedor da comarca de Tomar e, ap\u00f3s algumas comiss\u00f5es importantes, o de juiz do Supremo Tribunal da Justi\u00e7a.<\/p>\n<p>1895 \u2014 Foi extinto o concelho de \u00cdlhavo, que havia sido criado pelo decreto de Passos Manuel de 31 de Dezembro de 1836; o seu territ\u00f3rio foi anexado ao de Aveiro. O concelho seria restaurado em 13 de Janeiro de 1898.<\/p>\n<p>1939 \u2014 O ilustre aveirense Comandante Silv\u00e9rio Ribeiro da Rocha e Cunha escreveu, com destino \u00e0 primeira Exposi\u00e7\u00e3o Mar\u00edtima do Norte, um importante trabalho que intitulou \u00abNot\u00edcia sobre as ind\u00fastrias mar\u00edtimas na \u00e1rea de jurisdi\u00e7\u00e3o da Capitania do Porto de Aveiro\u00bb, que anda impresso.<\/p>\n<p>1954 \u2014 Foi entregue ao Rotary Clube de Aveiro a \u00abCarta Constitucional\u00bb \u2013 o que marca oficialmente o in\u00edcio desta associa\u00e7\u00e3o de servi\u00e7o, em Aveiro.<\/p>\n<p>1983 \u2014 A C\u00e2mara Municipal de Aveiro deliberou adjudicar a execu\u00e7\u00e3o da empreitada da constru\u00e7\u00e3o de um sistema de eclusas e comportas na ria de Aveiro.<\/p>\n<p>Fonte: \u201cCalend\u00e1rio Hist\u00f3rico de Aveiro\u201d, <\/p>\n<p>de Ant\u00f3nio Christo e Jo\u00e3o Gon\u00e7alves Gaspar.<\/p>\n","protected":false},"excerpt":{"rendered":"<p>1547 \u2014 O insigne aveirense e primeiro gram\u00e1tico portugu\u00eas, o dominicano Padre Fern\u00e3o de Oliveira, compareceu perante os ju\u00edzes do Tribunal do Santo Of\u00edcio, em Lisboa, acusado por um seu inimigo de defender doutrinas her\u00e9ticas, ficando encerrado nas masmorras da Inquisi\u00e7\u00e3o. Na imagem: Primeira e \u00faltima paginas da \u201cGrammatica da lingoagem portuguesa\u201d, de Fern\u00e3o Doliueira, [&hellip;]<\/p>\n","protected":false},"author":1,"featured_media":0,"comment_status":"open","ping_status":"open","sticky":false,"template":"","format":"standard","meta":{"footnotes":""},"categories":[56],"tags":[],"class_list":["post-24038","post","type-post","status-publish","format-standard","hentry","category-almanaque"],"_links":{"self":[{"href":"https:\/\/sites.ecclesia.pt\/cv\/wp-json\/wp\/v2\/posts\/24038","targetHints":{"allow":["GET"]}}],"collection":[{"href":"https:\/\/sites.ecclesia.pt\/cv\/wp-json\/wp\/v2\/posts"}],"about":[{"href":"https:\/\/sites.ecclesia.pt\/cv\/wp-json\/wp\/v2\/types\/post"}],"author":[{"embeddable":true,"href":"https:\/\/sites.ecclesia.pt\/cv\/wp-json\/wp\/v2\/users\/1"}],"replies":[{"embeddable":true,"href":"https:\/\/sites.ecclesia.pt\/cv\/wp-json\/wp\/v2\/comments?post=24038"}],"version-history":[{"count":0,"href":"https:\/\/sites.ecclesia.pt\/cv\/wp-json\/wp\/v2\/posts\/24038\/revisions"}],"wp:attachment":[{"href":"https:\/\/sites.ecclesia.pt\/cv\/wp-json\/wp\/v2\/media?parent=24038"}],"wp:term":[{"taxonomy":"category","embeddable":true,"href":"https:\/\/sites.ecclesia.pt\/cv\/wp-json\/wp\/v2\/categories?post=24038"},{"taxonomy":"post_tag","embeddable":true,"href":"https:\/\/sites.ecclesia.pt\/cv\/wp-json\/wp\/v2\/tags?post=24038"}],"curies":[{"name":"wp","href":"https:\/\/api.w.org\/{rel}","templated":true}]}}