{"id":24039,"date":"2012-12-05T15:54:00","date_gmt":"2012-12-05T15:54:00","guid":{"rendered":"http:\/\/localhost:81\/wp1\/?p=24039"},"modified":"2012-12-05T15:54:00","modified_gmt":"2012-12-05T15:54:00","slug":"cursilho-de-cristandade-para-senhoras","status":"publish","type":"post","link":"https:\/\/sites.ecclesia.pt\/cv\/cursilho-de-cristandade-para-senhoras\/","title":{"rendered":"Cursilho de cristandade para senhoras"},"content":{"rendered":"<p>O Movimento dos Cursilhos de Cristandade promove o 72.\u00ba cursilho para senhoras de 6 a 9 de dezembro, na Casa Diocesana, em Albergaria-a-Velha. A intend\u00eancia realiza-se no dia 7 de dezembro, \u00e0s 21h30, em Oliveira do Bairro.  A clausura acontece no Semin\u00e1rio de Santa Joana, Aveiro, no dia 9, \u00e0s 20h00.<\/p>\n","protected":false},"excerpt":{"rendered":"<p>O Movimento dos Cursilhos de Cristandade promove o 72.\u00ba cursilho para senhoras de 6 a 9 de dezembro, na Casa Diocesana, em Albergaria-a-Velha. A intend\u00eancia realiza-se no dia 7 de dezembro, \u00e0s 21h30, em Oliveira do Bairro. A clausura acontece no Semin\u00e1rio de Santa Joana, Aveiro, no dia 9, \u00e0s 20h00.<\/p>\n","protected":false},"author":1,"featured_media":0,"comment_status":"open","ping_status":"open","sticky":false,"template":"","format":"standard","meta":{"footnotes":""},"categories":[70],"tags":[],"class_list":["post-24039","post","type-post","status-publish","format-standard","hentry","category-diocese"],"_links":{"self":[{"href":"https:\/\/sites.ecclesia.pt\/cv\/wp-json\/wp\/v2\/posts\/24039","targetHints":{"allow":["GET"]}}],"collection":[{"href":"https:\/\/sites.ecclesia.pt\/cv\/wp-json\/wp\/v2\/posts"}],"about":[{"href":"https:\/\/sites.ecclesia.pt\/cv\/wp-json\/wp\/v2\/types\/post"}],"author":[{"embeddable":true,"href":"https:\/\/sites.ecclesia.pt\/cv\/wp-json\/wp\/v2\/users\/1"}],"replies":[{"embeddable":true,"href":"https:\/\/sites.ecclesia.pt\/cv\/wp-json\/wp\/v2\/comments?post=24039"}],"version-history":[{"count":0,"href":"https:\/\/sites.ecclesia.pt\/cv\/wp-json\/wp\/v2\/posts\/24039\/revisions"}],"wp:attachment":[{"href":"https:\/\/sites.ecclesia.pt\/cv\/wp-json\/wp\/v2\/media?parent=24039"}],"wp:term":[{"taxonomy":"category","embeddable":true,"href":"https:\/\/sites.ecclesia.pt\/cv\/wp-json\/wp\/v2\/categories?post=24039"},{"taxonomy":"post_tag","embeddable":true,"href":"https:\/\/sites.ecclesia.pt\/cv\/wp-json\/wp\/v2\/tags?post=24039"}],"curies":[{"name":"wp","href":"https:\/\/api.w.org\/{rel}","templated":true}]}}