{"id":24044,"date":"2012-11-28T15:59:00","date_gmt":"2012-11-28T15:59:00","guid":{"rendered":"http:\/\/localhost:81\/wp1\/?p=24044"},"modified":"2012-11-28T15:59:00","modified_gmt":"2012-11-28T15:59:00","slug":"aveiro-atua-em-ultimo-no-festival-nacional-da-cancao-mensagem","status":"publish","type":"post","link":"https:\/\/sites.ecclesia.pt\/cv\/aveiro-atua-em-ultimo-no-festival-nacional-da-cancao-mensagem\/","title":{"rendered":"Aveiro atua em \u00faltimo no festival nacional da can\u00e7\u00e3o mensagem"},"content":{"rendered":"<p>Em F\u00e1tima, no pr\u00f3ximo s\u00e1bado <!--more--> Realiza-se no dia 1 de dezembro, \u00e0s 20h, no Centro Paulo VI, em F\u00e1tima, organizado pelo Departamento Nacional da Pastoral Juvenil. A Diocese de Aveiro participa com a Banda Jovens em Movimento, da par\u00f3quia de Avanca, vencedora do F\u00c9\u2019stival Diocesano. Vamos apoiar a can\u00e7\u00e3o da nossa Diocese! Para facilitar, podem adquirir bilhetes e lugar de transporte atrav\u00e9s do SDPJV Aveiro. Para isso devem enviar e-mail para geral@sdpj-aveiro.org, at\u00e9 29 de novembro, com indica\u00e7\u00e3o do n.\u00ba de bilhetes pedidos, modalidade escolhida e comprovativo de pagamento (NIB 0007 0230 00303950018 66): Modalidade 1 \u2013 s\u00f3 bilhete: 2 euros; modalidade 2 \u2013 bilhete mais transporte: 13 euros (se conseguirmos 50 pessoas o valor do transporte ser\u00e1 mais baixo, e o excedente ser\u00e1 devolvido no dia). A sa\u00edda ser\u00e1 \u00e0s 16h do Semin\u00e1rio de Aveiro e o regresso ao mesmo local no fim do espet\u00e1culo.<\/p>\n<p>Os bilhetes, em papel, ser\u00e3o entregues, por um elemento do SDPJV Aveiro antes do in\u00edcio do espet\u00e1culo, em F\u00e1tima.<\/p>\n<p>O tema do festival \u00e9 \u201cAlegrai-vos sempre no Senhor\u201d (Fil 4,4) \u201cIde e fazei disc\u00edpulos de todos os povos\u201d (Mt 28,19).<\/p>\n<p>Para este festival concorrem 13 dioceses que se apresentar\u00e3o com um simples videoclip sobre o grupo e a m\u00fasica original. Subir\u00e3o ao palco pela seguinte ordem (escolhida em sorteio): 1 &#8211; Viseu, 2 &#8211;  Algarve, 3 &#8211; Leiria, 4 &#8211; Funchal, 5 &#8211; Lamego, 6 &#8211; Coimbra, 7 &#8211; Lisboa, 8 &#8211; Viana do Castelo, 9 &#8211; Set\u00fabal, 10 &#8211; Bragan\u00e7a, 11 &#8211; Vila Real, 12 &#8211; Porto, 13- Aveiro. Os \u00faltimos ser\u00e3o os primeiros? Esperemos que sim.<\/p>\n","protected":false},"excerpt":{"rendered":"<p>Em F\u00e1tima, no pr\u00f3ximo s\u00e1bado<\/p>\n","protected":false},"author":1,"featured_media":0,"comment_status":"open","ping_status":"open","sticky":false,"template":"","format":"standard","meta":{"footnotes":""},"categories":[51],"tags":[],"class_list":["post-24044","post","type-post","status-publish","format-standard","hentry","category-jovens"],"_links":{"self":[{"href":"https:\/\/sites.ecclesia.pt\/cv\/wp-json\/wp\/v2\/posts\/24044","targetHints":{"allow":["GET"]}}],"collection":[{"href":"https:\/\/sites.ecclesia.pt\/cv\/wp-json\/wp\/v2\/posts"}],"about":[{"href":"https:\/\/sites.ecclesia.pt\/cv\/wp-json\/wp\/v2\/types\/post"}],"author":[{"embeddable":true,"href":"https:\/\/sites.ecclesia.pt\/cv\/wp-json\/wp\/v2\/users\/1"}],"replies":[{"embeddable":true,"href":"https:\/\/sites.ecclesia.pt\/cv\/wp-json\/wp\/v2\/comments?post=24044"}],"version-history":[{"count":0,"href":"https:\/\/sites.ecclesia.pt\/cv\/wp-json\/wp\/v2\/posts\/24044\/revisions"}],"wp:attachment":[{"href":"https:\/\/sites.ecclesia.pt\/cv\/wp-json\/wp\/v2\/media?parent=24044"}],"wp:term":[{"taxonomy":"category","embeddable":true,"href":"https:\/\/sites.ecclesia.pt\/cv\/wp-json\/wp\/v2\/categories?post=24044"},{"taxonomy":"post_tag","embeddable":true,"href":"https:\/\/sites.ecclesia.pt\/cv\/wp-json\/wp\/v2\/tags?post=24044"}],"curies":[{"name":"wp","href":"https:\/\/api.w.org\/{rel}","templated":true}]}}