{"id":24045,"date":"2012-11-28T16:03:00","date_gmt":"2012-11-28T16:03:00","guid":{"rendered":"http:\/\/localhost:81\/wp1\/?p=24045"},"modified":"2012-11-28T16:03:00","modified_gmt":"2012-11-28T16:03:00","slug":"dancas-ocultas-e-dom-la-nena-no-aveirense","status":"publish","type":"post","link":"https:\/\/sites.ecclesia.pt\/cv\/dancas-ocultas-e-dom-la-nena-no-aveirense\/","title":{"rendered":"Dan\u00e7as Ocultas e Dom La Nena no Aveirense"},"content":{"rendered":"<p>No mesmo palco, os portugueses Dan\u00e7as Ocultas, de \u00c1gueda, e a brasileira Dom la Nena juntam composi\u00e7\u00f5es e instrumentos para criarem uma fus\u00e3o original. Artur Fernandes, Filipe Cal, Filipe Ricardo e Francisco Miguel, os Dan\u00e7as Ocultas, utilizam o acorde\u00e3o diat\u00f3nico, vulgo concertina, para dar sopro \u00e0s suas composi\u00e7\u00f5es, distinguindo-se n\u00e3o s\u00f3 pela forma\u00e7\u00e3o singular mas, sobretudo, pela originalidade da m\u00fasica que criam. J\u00e1 Dom la Nena \u00e9 uma jovem mas reputada violoncelista e cantora cujo talento j\u00e1 a levou a ser requisitada para digress\u00f5es com not\u00e1veis como Jane Birkin. Com um f\u00f4lego musical que se estende da m\u00fasica erudita \u00e0 m\u00fasica popular brasileira Dom \u00e9 assim a parceira ideal para os portugueses tamb\u00e9m dotados de generosas vistas, os Dan\u00e7as Ocultas. Depois do concerto na Casa da M\u00fasica (Porto), antes de seguirem para Lisboa (dia 2) e Coimbra (dia 6), Aveiro recebe este estimulante concerto.<\/p>\n<p>Concerto dos Dan\u00e7as Ocultas com Dom La Nena, no Teatro Aveirense, dia 1 de dezembro, \u00e0s 21h30. Bilhetes de 8 a 12 euros.<\/p>\n","protected":false},"excerpt":{"rendered":"<p>No mesmo palco, os portugueses Dan\u00e7as Ocultas, de \u00c1gueda, e a brasileira Dom la Nena juntam composi\u00e7\u00f5es e instrumentos para criarem uma fus\u00e3o original. Artur Fernandes, Filipe Cal, Filipe Ricardo e Francisco Miguel, os Dan\u00e7as Ocultas, utilizam o acorde\u00e3o diat\u00f3nico, vulgo concertina, para dar sopro \u00e0s suas composi\u00e7\u00f5es, distinguindo-se n\u00e3o s\u00f3 pela forma\u00e7\u00e3o singular mas, [&hellip;]<\/p>\n","protected":false},"author":1,"featured_media":0,"comment_status":"open","ping_status":"open","sticky":false,"template":"","format":"standard","meta":{"footnotes":""},"categories":[67],"tags":[],"class_list":["post-24045","post","type-post","status-publish","format-standard","hentry","category-ver-ouvir-sair"],"_links":{"self":[{"href":"https:\/\/sites.ecclesia.pt\/cv\/wp-json\/wp\/v2\/posts\/24045","targetHints":{"allow":["GET"]}}],"collection":[{"href":"https:\/\/sites.ecclesia.pt\/cv\/wp-json\/wp\/v2\/posts"}],"about":[{"href":"https:\/\/sites.ecclesia.pt\/cv\/wp-json\/wp\/v2\/types\/post"}],"author":[{"embeddable":true,"href":"https:\/\/sites.ecclesia.pt\/cv\/wp-json\/wp\/v2\/users\/1"}],"replies":[{"embeddable":true,"href":"https:\/\/sites.ecclesia.pt\/cv\/wp-json\/wp\/v2\/comments?post=24045"}],"version-history":[{"count":0,"href":"https:\/\/sites.ecclesia.pt\/cv\/wp-json\/wp\/v2\/posts\/24045\/revisions"}],"wp:attachment":[{"href":"https:\/\/sites.ecclesia.pt\/cv\/wp-json\/wp\/v2\/media?parent=24045"}],"wp:term":[{"taxonomy":"category","embeddable":true,"href":"https:\/\/sites.ecclesia.pt\/cv\/wp-json\/wp\/v2\/categories?post=24045"},{"taxonomy":"post_tag","embeddable":true,"href":"https:\/\/sites.ecclesia.pt\/cv\/wp-json\/wp\/v2\/tags?post=24045"}],"curies":[{"name":"wp","href":"https:\/\/api.w.org\/{rel}","templated":true}]}}