{"id":24049,"date":"2012-11-28T16:14:00","date_gmt":"2012-11-28T16:14:00","guid":{"rendered":"http:\/\/localhost:81\/wp1\/?p=24049"},"modified":"2012-11-28T16:14:00","modified_gmt":"2012-11-28T16:14:00","slug":"se-tu-falasses-senhor","status":"publish","type":"post","link":"https:\/\/sites.ecclesia.pt\/cv\/se-tu-falasses-senhor\/","title":{"rendered":"Se tu falasses, Senhor&#8230;"},"content":{"rendered":"<p>Poema <!--more--> Se Tu falasses, Senhor, escutar-te-ia muito bem,<\/p>\n<p>Porque toda a voz humana pr\u00e0 minh\u2019alma se calou,<\/p>\n<p>Fico s\u00f3 junto da minha for\u00e7a abatida,<\/p>\n<p>Deixei todo o apoio, quebrei os elos todos.<\/p>\n<p>Meu cora\u00e7\u00e3o meditativo que bebe a luz<\/p>\n<p>Ter-te-ia absorvido, sim, quebrando as leis,<\/p>\n<p>Como o vento das noites que penetra nas pedras<\/p>\n<p>Teu verbo inflamado descesse sobre mim!<\/p>\n<p>Nada te ansiava com tanta indig\u00eancia:<\/p>\n<p>Ter-te-ia festejado ao som do timbale<\/p>\n<p>Se, no meu triste e laborioso sil\u00eancio,<\/p>\n<p>Tivesse ouvido a tua voz e conhecido o teu nome.<\/p>\n<p>Por mais forte que fosse a sombra nos teus rostos,<\/p>\n<p>Sublime Trindade, eu teria afastado a noite;<\/p>\n<p>Meu esp\u00edrito teria prosseguido sem fadiga<\/p>\n<p>E eu teria aportado \u00e0 tua luminosa margem.<\/p>\n<p>Mas nunca nada em mim te revelou,<\/p>\n<p>Senhor! Nem o c\u00e9u pesado como \u00e1gua parada,<\/p>\n<p>Nem a exalta\u00e7\u00e3o do ver\u00e3o sobre os trigais,<\/p>\n<p>Nem o templo j\u00f3nico na montanha agreste;<\/p>\n<p>Nem os sinos que s\u00e3o um incenso cadenciado,<\/p>\n<p>Nem a coragem humana, nunca recompensada,<\/p>\n<p>Nem os mortos, cujo sil\u00eancio hostil e penetrante<\/p>\n<p>Parece uma ren\u00fancia invenc\u00edvel e cansada;<\/p>\n<p>Nem as noites em que o esp\u00edrito sust\u00e9m como uma prova<\/p>\n<p>A sua aspira\u00e7\u00e3o ao bem universal;<\/p>\n<p>Nem a Lua que sonha e v\u00ea passar o rio<\/p>\n<p>Dos beijos furtivos sob os c\u00e9us eternos.<\/p>\n<p>Mas, ai! Nem estas manh\u00e3s da minha inf\u00e2ncia ardente,<\/p>\n<p>Onde, nos prados inundados com uma nuvem de perfume,<\/p>\n<p>Eu sentia, tanto o \u00eaxtase em mim jogava sua lan\u00e7a,<\/p>\n<p>Um anjo nos c\u00e9us que me arrancava o cora\u00e7\u00e3o!<\/p>\n<p>Mas tem piedade! Que a tua m\u00e3o pendente<\/p>\n<p>Venha guiar minha sorte dolorosa e desbotada:<\/p>\n<p>Anseio por Ti, Esplendor, Raz\u00e3o deslumbrante!<\/p>\n<p>Mas n\u00e3o te vejo, \u00f3 meu Deus! E canto<\/p>\n<p>Por causa do vazio infinito!<\/p>\n<p>Anna de Noailles<\/p>\n<p>Escritora francesa com ascend\u00eancia na nobreza romena e b\u00falgara, Anna de Noailles (1876-1933) conviveu com a elite art\u00edstica de \u00e9poca (Marcel Proust, Andr\u00e9 Gide, Fr\u00e9d\u00e9ric Mistral, Paul Val\u00e9ry, Jean Cocteau\u2026).Escreveu tr\u00eas romances e diversa poesia. Foi a primeira mulher a receber a Legi\u00e3o de Honra, que \u00e9 a mais alta condecora\u00e7\u00e3o francesa.<\/p>\n","protected":false},"excerpt":{"rendered":"<p>Poema<\/p>\n","protected":false},"author":1,"featured_media":0,"comment_status":"open","ping_status":"open","sticky":false,"template":"","format":"standard","meta":{"footnotes":""},"categories":[52],"tags":[],"class_list":["post-24049","post","type-post","status-publish","format-standard","hentry","category-espiritualidade"],"_links":{"self":[{"href":"https:\/\/sites.ecclesia.pt\/cv\/wp-json\/wp\/v2\/posts\/24049","targetHints":{"allow":["GET"]}}],"collection":[{"href":"https:\/\/sites.ecclesia.pt\/cv\/wp-json\/wp\/v2\/posts"}],"about":[{"href":"https:\/\/sites.ecclesia.pt\/cv\/wp-json\/wp\/v2\/types\/post"}],"author":[{"embeddable":true,"href":"https:\/\/sites.ecclesia.pt\/cv\/wp-json\/wp\/v2\/users\/1"}],"replies":[{"embeddable":true,"href":"https:\/\/sites.ecclesia.pt\/cv\/wp-json\/wp\/v2\/comments?post=24049"}],"version-history":[{"count":0,"href":"https:\/\/sites.ecclesia.pt\/cv\/wp-json\/wp\/v2\/posts\/24049\/revisions"}],"wp:attachment":[{"href":"https:\/\/sites.ecclesia.pt\/cv\/wp-json\/wp\/v2\/media?parent=24049"}],"wp:term":[{"taxonomy":"category","embeddable":true,"href":"https:\/\/sites.ecclesia.pt\/cv\/wp-json\/wp\/v2\/categories?post=24049"},{"taxonomy":"post_tag","embeddable":true,"href":"https:\/\/sites.ecclesia.pt\/cv\/wp-json\/wp\/v2\/tags?post=24049"}],"curies":[{"name":"wp","href":"https:\/\/api.w.org\/{rel}","templated":true}]}}