{"id":24050,"date":"2012-11-14T15:45:00","date_gmt":"2012-11-14T15:45:00","guid":{"rendered":"http:\/\/localhost:81\/wp1\/?p=24050"},"modified":"2012-11-14T15:45:00","modified_gmt":"2012-11-14T15:45:00","slug":"venezuela-11","status":"publish","type":"post","link":"https:\/\/sites.ecclesia.pt\/cv\/venezuela-11\/","title":{"rendered":"Venezuela"},"content":{"rendered":"<p>Crist\u00e3os no Mundo <!--more--> O arcebispo de Caracas inaugurou o Ano da F\u00e9 convocado por Bento XVI com uma intercess\u00e3o especial a favor dos presos pol\u00edticos do pa\u00eds e um pedido de \u201cjusti\u00e7a imparcial\u201d ao governo. O cardeal Jorge Urosa Savino refor\u00e7ou o \u201cpedido de amnistia\u201d j\u00e1 apresentado por outros representantes da Igreja Cat\u00f3lica venezuelana, salientando que a resolu\u00e7\u00e3o destes casos \u201ctrar\u00e1 a paz aos cora\u00e7\u00f5es daqueles que sabem que foram injustamente condenados\u201d.<\/p>\n","protected":false},"excerpt":{"rendered":"<p>Crist\u00e3os no Mundo<\/p>\n","protected":false},"author":1,"featured_media":0,"comment_status":"open","ping_status":"open","sticky":false,"template":"","format":"standard","meta":{"footnotes":""},"categories":[55],"tags":[],"class_list":["post-24050","post","type-post","status-publish","format-standard","hentry","category-igreja-no-mundo"],"_links":{"self":[{"href":"https:\/\/sites.ecclesia.pt\/cv\/wp-json\/wp\/v2\/posts\/24050","targetHints":{"allow":["GET"]}}],"collection":[{"href":"https:\/\/sites.ecclesia.pt\/cv\/wp-json\/wp\/v2\/posts"}],"about":[{"href":"https:\/\/sites.ecclesia.pt\/cv\/wp-json\/wp\/v2\/types\/post"}],"author":[{"embeddable":true,"href":"https:\/\/sites.ecclesia.pt\/cv\/wp-json\/wp\/v2\/users\/1"}],"replies":[{"embeddable":true,"href":"https:\/\/sites.ecclesia.pt\/cv\/wp-json\/wp\/v2\/comments?post=24050"}],"version-history":[{"count":0,"href":"https:\/\/sites.ecclesia.pt\/cv\/wp-json\/wp\/v2\/posts\/24050\/revisions"}],"wp:attachment":[{"href":"https:\/\/sites.ecclesia.pt\/cv\/wp-json\/wp\/v2\/media?parent=24050"}],"wp:term":[{"taxonomy":"category","embeddable":true,"href":"https:\/\/sites.ecclesia.pt\/cv\/wp-json\/wp\/v2\/categories?post=24050"},{"taxonomy":"post_tag","embeddable":true,"href":"https:\/\/sites.ecclesia.pt\/cv\/wp-json\/wp\/v2\/tags?post=24050"}],"curies":[{"name":"wp","href":"https:\/\/api.w.org\/{rel}","templated":true}]}}