{"id":24065,"date":"2012-12-05T15:58:00","date_gmt":"2012-12-05T15:58:00","guid":{"rendered":"http:\/\/localhost:81\/wp1\/?p=24065"},"modified":"2012-12-05T15:58:00","modified_gmt":"2012-12-05T15:58:00","slug":"oito-candidatos-ao-diaconado-permanente-apresentados-no-inicio-do-advento","status":"publish","type":"post","link":"https:\/\/sites.ecclesia.pt\/cv\/oito-candidatos-ao-diaconado-permanente-apresentados-no-inicio-do-advento\/","title":{"rendered":"Oito candidatos ao diaconado permanente apresentados no in\u00edcio do Advento"},"content":{"rendered":"<p>\u201cEm v\u00f3s a Igreja diocesana deposita esperan\u00e7a. Colocai ao servi\u00e7o da miss\u00e3o as vossas qualidades, talentos, dons\u201d, afirmou D. Ant\u00f3nio Francisco aos oito candidatos ao diaconado permanente, que foram apresentados na S\u00e9 de Aveiro, no domingo, 2 de dezembro. O Bispo de Aveiro real\u00e7ou que estes oito crist\u00e3os adultos est\u00e3o a empreender \u201cuma longa e generosa caminhada\u201d de prepara\u00e7\u00e3o com o apoio de familiares, comunidades, p\u00e1rocos, formadores e coordenador da forma\u00e7\u00e3o, que \u00e9 o P.e Georgino Rocha.<\/p>\n<p>Depois da apresenta\u00e7\u00e3o \u00e0 comunidade, antes de serem ordenados, os candidatos ainda t\u00eam de receber os minist\u00e9rios de leitor e ac\u00f3lito. <\/p>\n<p>Os candidatos apresentados s\u00e3o: Afonso Diniz Dias, de Vilarinho do Bairro; Artur Bem Haja, da Mamarrosa; Jo\u00e3o Silva, de Fonte de Ange\u00e3o; Jorge Abrantes, de Oliveira do Bairro; Jos\u00e9 Augusto Silva, de Oliveira do Bairro; Jos\u00e9 Manuel Figueiredo, de Arcos de Anadia; Manuel Benjamim Sim\u00f5es, de Soza; e Manuel Pereira Gomes, de Vale Maior.<\/p>\n<p>O ato decorreu na missa de abertura do Advento, que \u00e9 tamb\u00e9m o in\u00edcio do ano lit\u00fargico, em contexto de Ano da F\u00e9 (para toda a Igreja) e Miss\u00e3o Jubilar (na Igreja Diocesana). O Bispo de Aveiro sublinhou que, numa sociedade marcada pelo \u201cvazio de sentido\u201d e \u201caus\u00eancia de esperan\u00e7a\u201d, em que as \u201ccoisas compradas com dinheiro\u201d n\u00e3o satisfazem o cora\u00e7\u00e3o, o Advento, enquanto prepara\u00e7\u00e3o para o Natal, \u201cdando mais do que somos e n\u00e3o s\u00f3 o que temos\u201d, \u00e9 uma oportunidade para \u201cfortalecer a f\u00e9 da Igreja\u201d.<\/p>\n","protected":false},"excerpt":{"rendered":"<p>\u201cEm v\u00f3s a Igreja diocesana deposita esperan\u00e7a. Colocai ao servi\u00e7o da miss\u00e3o as vossas qualidades, talentos, dons\u201d, afirmou D. Ant\u00f3nio Francisco aos oito candidatos ao diaconado permanente, que foram apresentados na S\u00e9 de Aveiro, no domingo, 2 de dezembro. O Bispo de Aveiro real\u00e7ou que estes oito crist\u00e3os adultos est\u00e3o a empreender \u201cuma longa e [&hellip;]<\/p>\n","protected":false},"author":1,"featured_media":0,"comment_status":"open","ping_status":"open","sticky":false,"template":"","format":"standard","meta":{"footnotes":""},"categories":[70],"tags":[],"class_list":["post-24065","post","type-post","status-publish","format-standard","hentry","category-diocese"],"_links":{"self":[{"href":"https:\/\/sites.ecclesia.pt\/cv\/wp-json\/wp\/v2\/posts\/24065","targetHints":{"allow":["GET"]}}],"collection":[{"href":"https:\/\/sites.ecclesia.pt\/cv\/wp-json\/wp\/v2\/posts"}],"about":[{"href":"https:\/\/sites.ecclesia.pt\/cv\/wp-json\/wp\/v2\/types\/post"}],"author":[{"embeddable":true,"href":"https:\/\/sites.ecclesia.pt\/cv\/wp-json\/wp\/v2\/users\/1"}],"replies":[{"embeddable":true,"href":"https:\/\/sites.ecclesia.pt\/cv\/wp-json\/wp\/v2\/comments?post=24065"}],"version-history":[{"count":0,"href":"https:\/\/sites.ecclesia.pt\/cv\/wp-json\/wp\/v2\/posts\/24065\/revisions"}],"wp:attachment":[{"href":"https:\/\/sites.ecclesia.pt\/cv\/wp-json\/wp\/v2\/media?parent=24065"}],"wp:term":[{"taxonomy":"category","embeddable":true,"href":"https:\/\/sites.ecclesia.pt\/cv\/wp-json\/wp\/v2\/categories?post=24065"},{"taxonomy":"post_tag","embeddable":true,"href":"https:\/\/sites.ecclesia.pt\/cv\/wp-json\/wp\/v2\/tags?post=24065"}],"curies":[{"name":"wp","href":"https:\/\/api.w.org\/{rel}","templated":true}]}}