{"id":24090,"date":"2012-12-05T15:59:00","date_gmt":"2012-12-05T15:59:00","guid":{"rendered":"http:\/\/localhost:81\/wp1\/?p=24090"},"modified":"2012-12-05T15:59:00","modified_gmt":"2012-12-05T15:59:00","slug":"ousar-o-evangelho-e-crescer-na-fe","status":"publish","type":"post","link":"https:\/\/sites.ecclesia.pt\/cv\/ousar-o-evangelho-e-crescer-na-fe\/","title":{"rendered":"Ousar o Evangelho e crescer na f\u00e9"},"content":{"rendered":"<p>Ecos do Encontro Nacional das ENS em F\u00e1tima <!--more--> Decorreu em F\u00e1tima, a 24 e 25 de novembro de 2012, o encontro Nacional das Equipas de Nossa Senhora (ENS). A chuva e o frio n\u00e3o diminu\u00edram o entusiasmo dos cerca de 600 casais presentes no Centro Paulo VI, entre os quais um n\u00famero razo\u00e1vel provenientes de Aveiro. Este encontro, organizado pela Supra-Regi\u00e3o de Portugal, sob o tema \u201cCasais em Cristo: ousar o Evangelho e crescer na f\u00e9\u201d, assentou em tr\u00eas pilares de reflex\u00e3o alicer\u00e7ados na comunh\u00e3o e partilha.<\/p>\n<p>Ousar o Evangelho: O c\u00f3nego M\u00e1rio Pais e tr\u00eas casais partilharam com entusiasmo alguns dos momentos mais marcantes do encontro internacional das ENS em Bras\u00edlia (o primeiro do g\u00e9nero realizado fora da Europa), de 21 a 26 de julho de 2012: o acolhimento da imagem da Nossa Senhora Aparecida ou o Dever de Sentar [momento de di\u00e1logo em casal que faz parte das pr\u00e1ticas aconselhadas por este movimento] em plena Pra\u00e7a dos Minist\u00e9rios foram disso exemplo. Testemunharam a vitalidade do movimento e a sua implanta\u00e7\u00e3o no mundo. O v\u00eddeo projetado e os ecos transmitidos e algumas situa\u00e7\u00f5es vividas pelos intervenientes deixaram bem vincada a grandeza deste encontro que reuniu cerca de oito mil casais dos cinco continentes.<\/p>\n<p>Crescer na F\u00e9: Reflex\u00e3o feita pelo nosso Bispo, D. Ant\u00f3nio Francisco, sobre os 50 anos do Conc\u00edlio Vaticano II e a participa\u00e7\u00e3o dos leigos na viv\u00eancia, testemunho e transmiss\u00e3o da f\u00e9. Pelo Sr. Bispo os casais foram convidados a \u201cpor voca\u00e7\u00e3o pr\u00f3pria (\u2026) procurarem o Reino de Deus\u201d.<\/p>\n<p>Alertou-nos para a necessidade de se aplicarem as decis\u00f5es do Conc\u00edlio aos dias de hoje. Deu ainda testemunho do papel que as ENS desempenham na nossa Diocese nos v\u00e1rios campos do apostolado.<\/p>\n<p>Seguiu-se a exposi\u00e7\u00e3o feita por um casal sobre a \u201cEquipa Comunidade de F\u00e9\u201d, abordando aspetos importantes da equipa como comunidade.<\/p>\n<p>Foi tamb\u00e9m abordado, por um sacerdote, o \u201cretiro\u201d como um dos pontos concretos da espiritualidade nas ENS e a sua import\u00e2ncia na vida do casal.<\/p>\n<p>Casais em Cristo: ousar o Evangelho e crescer na F\u00e9: No segundo dia do encontro, um dos casais da equipa convidada a conceber o tema de estudo para este ano apost\u00f3lico &#8211; \u201co caminho da vida espiritual em casal\u201d &#8211; exp\u00f4s este tema e apresentou as linhas orientadoras da sua conce\u00e7\u00e3o: \u201cExiste no nosso pa\u00eds um grande d\u00e9fice\u2026 de espiritualidade que tem que ser coberto, n\u00e3o por uma troika, mas por uma Trindade, pela gra\u00e7a que nos \u00e9 oferecida\u201d.<\/p>\n<p>Falou-nos da conjugalidade como \u00edntima comunh\u00e3o de vida e de amor do casal necess\u00e1ria \u00e0 viv\u00eancia da espiritualidade conjugal que tem de ser progressiva, no dizer do P.e Caffarel, fundador das ENS: \u201cAs ENS n\u00e3o s\u00e3o infant\u00e1rio onde se permanece; \u00e9 preciso crescer.\u201d<\/p>\n<p>As orienta\u00e7\u00f5es para os pr\u00f3ximos anos do movimento, surgidas ap\u00f3s o Encontro Internacional de Bras\u00edlia (Carta de Bras\u00edlia), foram comentadas pelos seus autores, o casal respons\u00e1vel da ERI (Equipa Respons\u00e1vel Internacional), que pela primeira vez na hist\u00f3ria do movimento \u00e9 um casal portugu\u00eas: T\u00f3 e Z\u00e9 Moura Soares.<\/p>\n<p>Tal como em outros encontros das ENS, foram pontos altos de partilha e comunh\u00e3o, as reuni\u00f5es de equipas mistas e os momentos de ora\u00e7\u00e3o conjunta (ora\u00e7\u00e3o da manh\u00e3 e celebra\u00e7\u00e3o de abertura, ter\u00e7o na Capelinha e prociss\u00e3o das velas) e da Eucaristia, na Bas\u00edlica da Sant\u00edssima Trindade, presidida por D. Joaquim Mendes, da Comiss\u00e3o Episcopal do Laicado e Fam\u00edlia.<\/p>\n<p>Retiramos do hino do Encontro de Bras\u00edlia as palavras do refr\u00e3o: \u201cOusar o Evangelho \u00e9 ir al\u00e9m do programado! \/ Ousar o Evangelho \u00e9 acolher o inesperado\u201d.<\/p>\n<p>O encontro terminou com o desafio aos casais das Equipas de Nossa Senhora a ousar o Evangelho e a crescer na f\u00e9.<\/p>\n<p>Casal Teixeira (Maria Helena e Ant\u00f3nio Alberto)<\/p>\n<p>da Equipa Aveiro 28<\/p>\n","protected":false},"excerpt":{"rendered":"<p>Ecos do Encontro Nacional das ENS em F\u00e1tima<\/p>\n","protected":false},"author":1,"featured_media":0,"comment_status":"open","ping_status":"open","sticky":false,"template":"","format":"standard","meta":{"footnotes":""},"categories":[70],"tags":[],"class_list":["post-24090","post","type-post","status-publish","format-standard","hentry","category-diocese"],"_links":{"self":[{"href":"https:\/\/sites.ecclesia.pt\/cv\/wp-json\/wp\/v2\/posts\/24090","targetHints":{"allow":["GET"]}}],"collection":[{"href":"https:\/\/sites.ecclesia.pt\/cv\/wp-json\/wp\/v2\/posts"}],"about":[{"href":"https:\/\/sites.ecclesia.pt\/cv\/wp-json\/wp\/v2\/types\/post"}],"author":[{"embeddable":true,"href":"https:\/\/sites.ecclesia.pt\/cv\/wp-json\/wp\/v2\/users\/1"}],"replies":[{"embeddable":true,"href":"https:\/\/sites.ecclesia.pt\/cv\/wp-json\/wp\/v2\/comments?post=24090"}],"version-history":[{"count":0,"href":"https:\/\/sites.ecclesia.pt\/cv\/wp-json\/wp\/v2\/posts\/24090\/revisions"}],"wp:attachment":[{"href":"https:\/\/sites.ecclesia.pt\/cv\/wp-json\/wp\/v2\/media?parent=24090"}],"wp:term":[{"taxonomy":"category","embeddable":true,"href":"https:\/\/sites.ecclesia.pt\/cv\/wp-json\/wp\/v2\/categories?post=24090"},{"taxonomy":"post_tag","embeddable":true,"href":"https:\/\/sites.ecclesia.pt\/cv\/wp-json\/wp\/v2\/tags?post=24090"}],"curies":[{"name":"wp","href":"https:\/\/api.w.org\/{rel}","templated":true}]}}