{"id":24096,"date":"2012-12-12T11:32:00","date_gmt":"2012-12-12T11:32:00","guid":{"rendered":"http:\/\/localhost:81\/wp1\/?p=24096"},"modified":"2012-12-12T11:32:00","modified_gmt":"2012-12-12T11:32:00","slug":"rostos-palavras-133","status":"publish","type":"post","link":"https:\/\/sites.ecclesia.pt\/cv\/rostos-palavras-133\/","title":{"rendered":"Rostos &#038; Palavras"},"content":{"rendered":"<p>\u201cCrentes e descrentes\u201d devem unir-se para \u201ctornar humana a sociedade portuguesa\u201d e \u201csalvar as pessoas e seus v\u00e1rios setores, de todas as desumanidades.  (\u2026) A Esperan\u00e7a n\u00e3o se promete. Afirma-se pelo exerc\u00edcio de valores que criam as aut\u00eanticas possibilidades\u201d.<\/p>\n<p>D. Janu\u00e1rio Torgal Ferreira, bispo das For\u00e7as Armadas e de Seguran\u00e7a, na mensagem de Natal.<\/p>\n","protected":false},"excerpt":{"rendered":"<p>\u201cCrentes e descrentes\u201d devem unir-se para \u201ctornar humana a sociedade portuguesa\u201d e \u201csalvar as pessoas e seus v\u00e1rios setores, de todas as desumanidades. (\u2026) A Esperan\u00e7a n\u00e3o se promete. Afirma-se pelo exerc\u00edcio de valores que criam as aut\u00eanticas possibilidades\u201d. D. Janu\u00e1rio Torgal Ferreira, bispo das For\u00e7as Armadas e de Seguran\u00e7a, na mensagem de Natal.<\/p>\n","protected":false},"author":1,"featured_media":0,"comment_status":"open","ping_status":"open","sticky":false,"template":"","format":"standard","meta":{"footnotes":""},"categories":[53],"tags":[],"class_list":["post-24096","post","type-post","status-publish","format-standard","hentry","category-igreja-em-portugal"],"_links":{"self":[{"href":"https:\/\/sites.ecclesia.pt\/cv\/wp-json\/wp\/v2\/posts\/24096","targetHints":{"allow":["GET"]}}],"collection":[{"href":"https:\/\/sites.ecclesia.pt\/cv\/wp-json\/wp\/v2\/posts"}],"about":[{"href":"https:\/\/sites.ecclesia.pt\/cv\/wp-json\/wp\/v2\/types\/post"}],"author":[{"embeddable":true,"href":"https:\/\/sites.ecclesia.pt\/cv\/wp-json\/wp\/v2\/users\/1"}],"replies":[{"embeddable":true,"href":"https:\/\/sites.ecclesia.pt\/cv\/wp-json\/wp\/v2\/comments?post=24096"}],"version-history":[{"count":0,"href":"https:\/\/sites.ecclesia.pt\/cv\/wp-json\/wp\/v2\/posts\/24096\/revisions"}],"wp:attachment":[{"href":"https:\/\/sites.ecclesia.pt\/cv\/wp-json\/wp\/v2\/media?parent=24096"}],"wp:term":[{"taxonomy":"category","embeddable":true,"href":"https:\/\/sites.ecclesia.pt\/cv\/wp-json\/wp\/v2\/categories?post=24096"},{"taxonomy":"post_tag","embeddable":true,"href":"https:\/\/sites.ecclesia.pt\/cv\/wp-json\/wp\/v2\/tags?post=24096"}],"curies":[{"name":"wp","href":"https:\/\/api.w.org\/{rel}","templated":true}]}}