{"id":24099,"date":"2012-12-12T11:36:00","date_gmt":"2012-12-12T11:36:00","guid":{"rendered":"http:\/\/localhost:81\/wp1\/?p=24099"},"modified":"2012-12-12T11:36:00","modified_gmt":"2012-12-12T11:36:00","slug":"filipinas-8","status":"publish","type":"post","link":"https:\/\/sites.ecclesia.pt\/cv\/filipinas-8\/","title":{"rendered":"Filipinas"},"content":{"rendered":"<p>Crist\u00e3os no Mundo <!--more--> A C\u00e1ritas e a organiza\u00e7\u00e3o norte-americana Catholic Relief Services enviaram equipas para as Filipinas a fim de ajudar a popula\u00e7\u00e3o atingida pelo tuf\u00e3o Bopha, que provocou pelo menos 500 mortos. H\u00e1 cerca de 200 mil desalojados em todo o pa\u00eds, na sequ\u00eancia de inunda\u00e7\u00f5es e de fortes ventos que danificaram casas, neg\u00f3cios e planta\u00e7\u00f5es.<\/p>\n","protected":false},"excerpt":{"rendered":"<p>Crist\u00e3os no Mundo<\/p>\n","protected":false},"author":1,"featured_media":0,"comment_status":"open","ping_status":"open","sticky":false,"template":"","format":"standard","meta":{"footnotes":""},"categories":[55],"tags":[],"class_list":["post-24099","post","type-post","status-publish","format-standard","hentry","category-igreja-no-mundo"],"_links":{"self":[{"href":"https:\/\/sites.ecclesia.pt\/cv\/wp-json\/wp\/v2\/posts\/24099","targetHints":{"allow":["GET"]}}],"collection":[{"href":"https:\/\/sites.ecclesia.pt\/cv\/wp-json\/wp\/v2\/posts"}],"about":[{"href":"https:\/\/sites.ecclesia.pt\/cv\/wp-json\/wp\/v2\/types\/post"}],"author":[{"embeddable":true,"href":"https:\/\/sites.ecclesia.pt\/cv\/wp-json\/wp\/v2\/users\/1"}],"replies":[{"embeddable":true,"href":"https:\/\/sites.ecclesia.pt\/cv\/wp-json\/wp\/v2\/comments?post=24099"}],"version-history":[{"count":0,"href":"https:\/\/sites.ecclesia.pt\/cv\/wp-json\/wp\/v2\/posts\/24099\/revisions"}],"wp:attachment":[{"href":"https:\/\/sites.ecclesia.pt\/cv\/wp-json\/wp\/v2\/media?parent=24099"}],"wp:term":[{"taxonomy":"category","embeddable":true,"href":"https:\/\/sites.ecclesia.pt\/cv\/wp-json\/wp\/v2\/categories?post=24099"},{"taxonomy":"post_tag","embeddable":true,"href":"https:\/\/sites.ecclesia.pt\/cv\/wp-json\/wp\/v2\/tags?post=24099"}],"curies":[{"name":"wp","href":"https:\/\/api.w.org\/{rel}","templated":true}]}}