{"id":24107,"date":"2012-12-12T11:50:00","date_gmt":"2012-12-12T11:50:00","guid":{"rendered":"http:\/\/localhost:81\/wp1\/?p=24107"},"modified":"2012-12-12T11:50:00","modified_gmt":"2012-12-12T11:50:00","slug":"festival-de-humor-no-cineteatro-alba","status":"publish","type":"post","link":"https:\/\/sites.ecclesia.pt\/cv\/festival-de-humor-no-cineteatro-alba\/","title":{"rendered":"Festival de humor no Cineteatro Alba"},"content":{"rendered":"<p>A dupla de humoristas, constitu\u00edda por Carlos Vidal (natural de Albergaria-a-Velha)  e Diogo Miguel (natural de Almada), participou no programa \u201c5 Para a Meia Noite\u201d e decidiu trazer boa disposi\u00e7\u00e3o \u00e0 cidade, convidando nomes como Lu\u00eds Filipe Borges, Ant\u00f3nio Raminhos, Lu\u00eds Franco-Bastos e Miguel 7 Estacas. O primeiro festival de humor \u201cSketches de Porco Preto\u201d acontece no Cineteatro Alba, em Albergaria-a-Velha, no dia 14 de dezembro, \u00e0s 21h30. Bilhetes a 8 euros. <\/p>\n","protected":false},"excerpt":{"rendered":"<p>A dupla de humoristas, constitu\u00edda por Carlos Vidal (natural de Albergaria-a-Velha) e Diogo Miguel (natural de Almada), participou no programa \u201c5 Para a Meia Noite\u201d e decidiu trazer boa disposi\u00e7\u00e3o \u00e0 cidade, convidando nomes como Lu\u00eds Filipe Borges, Ant\u00f3nio Raminhos, Lu\u00eds Franco-Bastos e Miguel 7 Estacas. O primeiro festival de humor \u201cSketches de Porco Preto\u201d [&hellip;]<\/p>\n","protected":false},"author":1,"featured_media":0,"comment_status":"open","ping_status":"open","sticky":false,"template":"","format":"standard","meta":{"footnotes":""},"categories":[67],"tags":[],"class_list":["post-24107","post","type-post","status-publish","format-standard","hentry","category-ver-ouvir-sair"],"_links":{"self":[{"href":"https:\/\/sites.ecclesia.pt\/cv\/wp-json\/wp\/v2\/posts\/24107","targetHints":{"allow":["GET"]}}],"collection":[{"href":"https:\/\/sites.ecclesia.pt\/cv\/wp-json\/wp\/v2\/posts"}],"about":[{"href":"https:\/\/sites.ecclesia.pt\/cv\/wp-json\/wp\/v2\/types\/post"}],"author":[{"embeddable":true,"href":"https:\/\/sites.ecclesia.pt\/cv\/wp-json\/wp\/v2\/users\/1"}],"replies":[{"embeddable":true,"href":"https:\/\/sites.ecclesia.pt\/cv\/wp-json\/wp\/v2\/comments?post=24107"}],"version-history":[{"count":0,"href":"https:\/\/sites.ecclesia.pt\/cv\/wp-json\/wp\/v2\/posts\/24107\/revisions"}],"wp:attachment":[{"href":"https:\/\/sites.ecclesia.pt\/cv\/wp-json\/wp\/v2\/media?parent=24107"}],"wp:term":[{"taxonomy":"category","embeddable":true,"href":"https:\/\/sites.ecclesia.pt\/cv\/wp-json\/wp\/v2\/categories?post=24107"},{"taxonomy":"post_tag","embeddable":true,"href":"https:\/\/sites.ecclesia.pt\/cv\/wp-json\/wp\/v2\/tags?post=24107"}],"curies":[{"name":"wp","href":"https:\/\/api.w.org\/{rel}","templated":true}]}}