{"id":24108,"date":"2013-01-09T16:56:00","date_gmt":"2013-01-09T16:56:00","guid":{"rendered":"http:\/\/localhost:81\/wp1\/?p=24108"},"modified":"2013-01-09T16:56:00","modified_gmt":"2013-01-09T16:56:00","slug":"rostos-palavras-134","status":"publish","type":"post","link":"https:\/\/sites.ecclesia.pt\/cv\/rostos-palavras-134\/","title":{"rendered":"Rostos &#038; Palavras"},"content":{"rendered":"<p>\u201cA urg\u00eancia da evangeliza\u00e7\u00e3o e os muitos programas pastorais podem levar-nos a cair num ativismo sem tempo ou disposi\u00e7\u00e3o para cultivar a dimens\u00e3o contemplativa da vida. (\u2026) A ora\u00e7\u00e3o, a contempla\u00e7\u00e3o e adora\u00e7\u00e3o s\u00e3o o segredo da efic\u00e1cia apost\u00f3lica\u201d.<\/p>\n<p>D. Manuel Pelino, Bispo de Santar\u00e9m, na ordena\u00e7\u00e3o de tr\u00eas di\u00e1conos e um padre<\/p>\n","protected":false},"excerpt":{"rendered":"<p>\u201cA urg\u00eancia da evangeliza\u00e7\u00e3o e os muitos programas pastorais podem levar-nos a cair num ativismo sem tempo ou disposi\u00e7\u00e3o para cultivar a dimens\u00e3o contemplativa da vida. (\u2026) A ora\u00e7\u00e3o, a contempla\u00e7\u00e3o e adora\u00e7\u00e3o s\u00e3o o segredo da efic\u00e1cia apost\u00f3lica\u201d. D. Manuel Pelino, Bispo de Santar\u00e9m, na ordena\u00e7\u00e3o de tr\u00eas di\u00e1conos e um padre<\/p>\n","protected":false},"author":1,"featured_media":0,"comment_status":"open","ping_status":"open","sticky":false,"template":"","format":"standard","meta":{"footnotes":""},"categories":[53],"tags":[],"class_list":["post-24108","post","type-post","status-publish","format-standard","hentry","category-igreja-em-portugal"],"_links":{"self":[{"href":"https:\/\/sites.ecclesia.pt\/cv\/wp-json\/wp\/v2\/posts\/24108","targetHints":{"allow":["GET"]}}],"collection":[{"href":"https:\/\/sites.ecclesia.pt\/cv\/wp-json\/wp\/v2\/posts"}],"about":[{"href":"https:\/\/sites.ecclesia.pt\/cv\/wp-json\/wp\/v2\/types\/post"}],"author":[{"embeddable":true,"href":"https:\/\/sites.ecclesia.pt\/cv\/wp-json\/wp\/v2\/users\/1"}],"replies":[{"embeddable":true,"href":"https:\/\/sites.ecclesia.pt\/cv\/wp-json\/wp\/v2\/comments?post=24108"}],"version-history":[{"count":0,"href":"https:\/\/sites.ecclesia.pt\/cv\/wp-json\/wp\/v2\/posts\/24108\/revisions"}],"wp:attachment":[{"href":"https:\/\/sites.ecclesia.pt\/cv\/wp-json\/wp\/v2\/media?parent=24108"}],"wp:term":[{"taxonomy":"category","embeddable":true,"href":"https:\/\/sites.ecclesia.pt\/cv\/wp-json\/wp\/v2\/categories?post=24108"},{"taxonomy":"post_tag","embeddable":true,"href":"https:\/\/sites.ecclesia.pt\/cv\/wp-json\/wp\/v2\/tags?post=24108"}],"curies":[{"name":"wp","href":"https:\/\/api.w.org\/{rel}","templated":true}]}}