{"id":24123,"date":"2013-01-16T16:16:00","date_gmt":"2013-01-16T16:16:00","guid":{"rendered":"http:\/\/localhost:81\/wp1\/?p=24123"},"modified":"2013-01-16T16:16:00","modified_gmt":"2013-01-16T16:16:00","slug":"parouia-de-s-vicente-da-branca-com-presenca-renovada-na-internet","status":"publish","type":"post","link":"https:\/\/sites.ecclesia.pt\/cv\/parouia-de-s-vicente-da-branca-com-presenca-renovada-na-internet\/","title":{"rendered":"Par\u00f3uia de S. Vicente da Branca com presen\u00e7a renovada na Internet"},"content":{"rendered":"<p>A Par\u00f3quia de S. Vicente da Branca disponibilizou, no in\u00edcio deste ano, a sua nova p\u00e1gina de Internet. Este \u00e9 um projeto que j\u00e1 conta com quase dois anos e que agora viu renovada a sua imagem e a sua miss\u00e3o num novo local: http:\/\/svicentebranca.diocese-aveiro.pt.<\/p>\n<p>Para al\u00e9m da p\u00e1gina da Internet, a par\u00f3quia da Branca est\u00e1 presente na rede social Facebook (https:\/\/www.facebook.com\/SVicenteBranca) e tem vindo a distribuir mensalmente o seu Boletim Paroquial \u201cS. Vicente\u201d, que viu, tamb\u00e9m, no in\u00edcio deste ano, a sua imagem renovada, integrando o novo log\u00f3tipo da par\u00f3quia.<\/p>\n<p> \u201c\u00c9 com \u00e2nimo evangelizador que pretendemos estar presentes, de forma consciente e respons\u00e1vel, nesta rede de rela\u00e7\u00f5es que a era digital tornou poss\u00edvel, para divulgar e partilhar com os seus leitores, publica\u00e7\u00f5es de \u00edndole informativa e catequ\u00e9tica\u201d, afirma Rui Marques, colaborador da par\u00f3quia. Enquanto respons\u00e1vel pela atualiza\u00e7\u00e3o das p\u00e1ginas digitais, acrescenta que esta pretende de algum modo responder a Bento XVI, que escreveu na mensagem para o dia mundial das comunica\u00e7\u00f5es sociais de 2011: \u201cQuero convidar os crist\u00e3os a unirem-se confiadamente e com criatividade consciente e respons\u00e1vel na rede de rela\u00e7\u00f5es que a era digital tornou poss\u00edvel\u201d. Rui Marques, por sua vez, deixa um convite: \u201cContamos consigo tamb\u00e9m como elemento participante e ativo, comentando e expondo a sua opini\u00e3o, para o enriquecimento deste espa\u00e7o que tamb\u00e9m \u00e9 seu\u201d.<\/p>\n","protected":false},"excerpt":{"rendered":"<p>A Par\u00f3quia de S. Vicente da Branca disponibilizou, no in\u00edcio deste ano, a sua nova p\u00e1gina de Internet. Este \u00e9 um projeto que j\u00e1 conta com quase dois anos e que agora viu renovada a sua imagem e a sua miss\u00e3o num novo local: http:\/\/svicentebranca.diocese-aveiro.pt. Para al\u00e9m da p\u00e1gina da Internet, a par\u00f3quia da Branca [&hellip;]<\/p>\n","protected":false},"author":1,"featured_media":0,"comment_status":"open","ping_status":"open","sticky":false,"template":"","format":"standard","meta":{"footnotes":""},"categories":[70],"tags":[],"class_list":["post-24123","post","type-post","status-publish","format-standard","hentry","category-diocese"],"_links":{"self":[{"href":"https:\/\/sites.ecclesia.pt\/cv\/wp-json\/wp\/v2\/posts\/24123","targetHints":{"allow":["GET"]}}],"collection":[{"href":"https:\/\/sites.ecclesia.pt\/cv\/wp-json\/wp\/v2\/posts"}],"about":[{"href":"https:\/\/sites.ecclesia.pt\/cv\/wp-json\/wp\/v2\/types\/post"}],"author":[{"embeddable":true,"href":"https:\/\/sites.ecclesia.pt\/cv\/wp-json\/wp\/v2\/users\/1"}],"replies":[{"embeddable":true,"href":"https:\/\/sites.ecclesia.pt\/cv\/wp-json\/wp\/v2\/comments?post=24123"}],"version-history":[{"count":0,"href":"https:\/\/sites.ecclesia.pt\/cv\/wp-json\/wp\/v2\/posts\/24123\/revisions"}],"wp:attachment":[{"href":"https:\/\/sites.ecclesia.pt\/cv\/wp-json\/wp\/v2\/media?parent=24123"}],"wp:term":[{"taxonomy":"category","embeddable":true,"href":"https:\/\/sites.ecclesia.pt\/cv\/wp-json\/wp\/v2\/categories?post=24123"},{"taxonomy":"post_tag","embeddable":true,"href":"https:\/\/sites.ecclesia.pt\/cv\/wp-json\/wp\/v2\/tags?post=24123"}],"curies":[{"name":"wp","href":"https:\/\/api.w.org\/{rel}","templated":true}]}}