{"id":24124,"date":"2013-01-16T16:18:00","date_gmt":"2013-01-16T16:18:00","guid":{"rendered":"http:\/\/localhost:81\/wp1\/?p=24124"},"modified":"2013-01-16T16:18:00","modified_gmt":"2013-01-16T16:18:00","slug":"confederacao-nacional-das-instituicoes-de-solidariedade-faz-32-anos-sem-motivos-de-festa","status":"publish","type":"post","link":"https:\/\/sites.ecclesia.pt\/cv\/confederacao-nacional-das-instituicoes-de-solidariedade-faz-32-anos-sem-motivos-de-festa\/","title":{"rendered":"Confedera\u00e7\u00e3o Nacional das Institui\u00e7\u00f5es de Solidariedade faz 32 anos sem &#8220;motivos de festa&#8221;"},"content":{"rendered":"<p>A Confedera\u00e7\u00e3o Nacional das Institui\u00e7\u00f5es de Solidariedade (CNIS) n\u00e3o encontra \u201cmotivos de festa\u201d para assinalar o seu 32.\u00ba anivers\u00e1rio, que ocorreu ontem, porque \u201cos tempos s\u00e3o de muitas dificuldades a todos os n\u00edveis\u201d, considera o presidente da institui\u00e7\u00e3o.<\/p>\n<p>\u201cNum tempo em que a crise se entranha em todas as \u00e1reas da sociedade portuguesa, [o anivers\u00e1rio] \u00e9 um momento importante para a Confedera\u00e7\u00e3o que congrega a maioria das IPSS [institui\u00e7\u00f5es particulares de solidariedade social] portuguesas, respons\u00e1veis por minimizarem os efeitos devastadores das pol\u00edticas de austeridade\u201d, sublinha em comunicado.<\/p>\n<p>O padre Lino Maia salienta que \u00e9 preciso \u201cenaltecer\u201d o trabalho das IPSS, que constitui \u201cum exemplo da esperan\u00e7a e perseveran\u00e7a que n\u00e3o se v\u00ea noutros setores da vida p\u00fablica portuguesa\u201d.<\/p>\n<p>\u201cAs IPSS, os dirigentes, os trabalhadores, os colaboradores, os volunt\u00e1rios, s\u00e3o gente do melhor que a sociedade tem. A CNIS, que abra\u00e7a no seu seio perto de tr\u00eas mil dessas institui\u00e7\u00f5es, orgulha-se do seu passado e acredita no futuro\u201d, acentua.<\/p>\n<p>A plataforma vai organizar no s\u00e1bado, 19, no audit\u00f3rio do Centro Pastoral Paulo VI, em F\u00e1tima, um encontro de IPSS onde vai ser feita \u201ca apresenta\u00e7\u00e3o do Protocolo de Coopera\u00e7\u00e3o de 2013-2014 e tamb\u00e9m uma reflex\u00e3o sobre acompanhamento e fiscaliza\u00e7\u00e3o\u201d das institui\u00e7\u00f5es de solidariedade, adianta o comunicado.<\/p>\n<p>A iniciativa decorre das 10h00 \u00e0s 12h45 com a presen\u00e7a do secret\u00e1rio de Estado da Solidariedade e Seguran\u00e7a Social, Marco Ant\u00f3nio Costa, que das 14h30 \u00e0s 16h30 se re\u00fane no mesmo local com dirigentes das Uni\u00f5es distritais e regionais das IPSS, federa\u00e7\u00f5es e delega\u00e7\u00f5es da CNIS.<\/p>\n","protected":false},"excerpt":{"rendered":"<p>A Confedera\u00e7\u00e3o Nacional das Institui\u00e7\u00f5es de Solidariedade (CNIS) n\u00e3o encontra \u201cmotivos de festa\u201d para assinalar o seu 32.\u00ba anivers\u00e1rio, que ocorreu ontem, porque \u201cos tempos s\u00e3o de muitas dificuldades a todos os n\u00edveis\u201d, considera o presidente da institui\u00e7\u00e3o. \u201cNum tempo em que a crise se entranha em todas as \u00e1reas da sociedade portuguesa, [o anivers\u00e1rio] [&hellip;]<\/p>\n","protected":false},"author":1,"featured_media":0,"comment_status":"open","ping_status":"open","sticky":false,"template":"","format":"standard","meta":{"footnotes":""},"categories":[53],"tags":[],"class_list":["post-24124","post","type-post","status-publish","format-standard","hentry","category-igreja-em-portugal"],"_links":{"self":[{"href":"https:\/\/sites.ecclesia.pt\/cv\/wp-json\/wp\/v2\/posts\/24124","targetHints":{"allow":["GET"]}}],"collection":[{"href":"https:\/\/sites.ecclesia.pt\/cv\/wp-json\/wp\/v2\/posts"}],"about":[{"href":"https:\/\/sites.ecclesia.pt\/cv\/wp-json\/wp\/v2\/types\/post"}],"author":[{"embeddable":true,"href":"https:\/\/sites.ecclesia.pt\/cv\/wp-json\/wp\/v2\/users\/1"}],"replies":[{"embeddable":true,"href":"https:\/\/sites.ecclesia.pt\/cv\/wp-json\/wp\/v2\/comments?post=24124"}],"version-history":[{"count":0,"href":"https:\/\/sites.ecclesia.pt\/cv\/wp-json\/wp\/v2\/posts\/24124\/revisions"}],"wp:attachment":[{"href":"https:\/\/sites.ecclesia.pt\/cv\/wp-json\/wp\/v2\/media?parent=24124"}],"wp:term":[{"taxonomy":"category","embeddable":true,"href":"https:\/\/sites.ecclesia.pt\/cv\/wp-json\/wp\/v2\/categories?post=24124"},{"taxonomy":"post_tag","embeddable":true,"href":"https:\/\/sites.ecclesia.pt\/cv\/wp-json\/wp\/v2\/tags?post=24124"}],"curies":[{"name":"wp","href":"https:\/\/api.w.org\/{rel}","templated":true}]}}