{"id":24125,"date":"2013-01-16T16:19:00","date_gmt":"2013-01-16T16:19:00","guid":{"rendered":"http:\/\/localhost:81\/wp1\/?p=24125"},"modified":"2013-01-16T16:19:00","modified_gmt":"2013-01-16T16:19:00","slug":"rostos-palavras-135","status":"publish","type":"post","link":"https:\/\/sites.ecclesia.pt\/cv\/rostos-palavras-135\/","title":{"rendered":"Rostos &#038; Palavras"},"content":{"rendered":"<p>\u201cEsquecemos o espanto que ela [economia] tem, havendo muitas pessoas que a pensam como horror\u201d ou como \u201ca m\u00e1 da fita\u201d.<\/p>\n<p>Jo\u00e3o C\u00e9sar das Neves, professor de economia, falando em F\u00e1tima ao Conselho Nacional de Pastoral Juvenil. O docente destacou a import\u00e2ncia da Doutrina Social da Igreja para ultrapassar a atual crise, lamentando que este ensinamento n\u00e3o esteja a ser devidamente utilizado.<\/p>\n","protected":false},"excerpt":{"rendered":"<p>\u201cEsquecemos o espanto que ela [economia] tem, havendo muitas pessoas que a pensam como horror\u201d ou como \u201ca m\u00e1 da fita\u201d. Jo\u00e3o C\u00e9sar das Neves, professor de economia, falando em F\u00e1tima ao Conselho Nacional de Pastoral Juvenil. O docente destacou a import\u00e2ncia da Doutrina Social da Igreja para ultrapassar a atual crise, lamentando que este [&hellip;]<\/p>\n","protected":false},"author":1,"featured_media":0,"comment_status":"open","ping_status":"open","sticky":false,"template":"","format":"standard","meta":{"footnotes":""},"categories":[53],"tags":[],"class_list":["post-24125","post","type-post","status-publish","format-standard","hentry","category-igreja-em-portugal"],"_links":{"self":[{"href":"https:\/\/sites.ecclesia.pt\/cv\/wp-json\/wp\/v2\/posts\/24125","targetHints":{"allow":["GET"]}}],"collection":[{"href":"https:\/\/sites.ecclesia.pt\/cv\/wp-json\/wp\/v2\/posts"}],"about":[{"href":"https:\/\/sites.ecclesia.pt\/cv\/wp-json\/wp\/v2\/types\/post"}],"author":[{"embeddable":true,"href":"https:\/\/sites.ecclesia.pt\/cv\/wp-json\/wp\/v2\/users\/1"}],"replies":[{"embeddable":true,"href":"https:\/\/sites.ecclesia.pt\/cv\/wp-json\/wp\/v2\/comments?post=24125"}],"version-history":[{"count":0,"href":"https:\/\/sites.ecclesia.pt\/cv\/wp-json\/wp\/v2\/posts\/24125\/revisions"}],"wp:attachment":[{"href":"https:\/\/sites.ecclesia.pt\/cv\/wp-json\/wp\/v2\/media?parent=24125"}],"wp:term":[{"taxonomy":"category","embeddable":true,"href":"https:\/\/sites.ecclesia.pt\/cv\/wp-json\/wp\/v2\/categories?post=24125"},{"taxonomy":"post_tag","embeddable":true,"href":"https:\/\/sites.ecclesia.pt\/cv\/wp-json\/wp\/v2\/tags?post=24125"}],"curies":[{"name":"wp","href":"https:\/\/api.w.org\/{rel}","templated":true}]}}