{"id":24138,"date":"2013-01-23T16:29:00","date_gmt":"2013-01-23T16:29:00","guid":{"rendered":"http:\/\/localhost:81\/wp1\/?p=24138"},"modified":"2013-01-23T16:29:00","modified_gmt":"2013-01-23T16:29:00","slug":"omissao-chocante","status":"publish","type":"post","link":"https:\/\/sites.ecclesia.pt\/cv\/omissao-chocante\/","title":{"rendered":"Omiss\u00e3o chocante"},"content":{"rendered":"<p>Quest\u00f5es Sociais <!--more--> As diferentes for\u00e7as pol\u00edticas e in\u00fameras \u00abfiguras not\u00e1veis\u00bb do pa\u00eds v\u00eam-se caracterizando por uma omiss\u00e3o grav\u00edssima perante a crise atual: deleitam-se a contestar os governos, a \u00abtroika\u00bb e outras inst\u00e2ncias; peroram sobre quase tudo; exibem orgulhosamente a sua superioridade intelectual e moral&#8230; Com esse orgulho, n\u00e3o \u00abdescem\u00bb aos problemas concretos nem formulam propostas consistentes. \u00c9 certo que defendem, como imperativos, o emprego, o crescimento econ\u00f3mico, a reestrutura\u00e7\u00e3o ou renegocia\u00e7\u00e3o da d\u00edvida soberana, a diminui\u00e7\u00e3o das respetivas taxas de juro&#8230;No entanto, partem do pressuposto que tudo isto \u00e9 f\u00e1cil de fazer, e que os governos n\u00e3o o fazem porque n\u00e3o querem; d\u00e3o mesmo a entender que o atual governo portugu\u00eas, como o anterior, deveria publicitar todas as dilig\u00eancias que vem realizando nos bastidores, mesmo correndo o risco de perda de credibilidade junto dos credores. <\/p>\n<p>Entre as \u00abfiguras not\u00e1veis\u00bb sobressaem os comentadores e os \u00absenadores\u00bb, que se distribuem por quase todos os dom\u00ednios do saber e de atividade. Incluem-se, nesta classe de \u00abnot\u00e1veis\u00bb, algumas pessoas mais idosas que, em larga medida, contribu\u00edram para a situa\u00e7\u00e3o atual; incluem-se tamb\u00e9m jovens de todos os quadrantes, motivados para grandes mudan\u00e7as que, em geral, n\u00e3o dizem quais s\u00e3o. Uns e outros pertencem a uma popula\u00e7\u00e3o altamente qualificada \u00abcomo nunca existiu em Portugal\u00bb.<\/p>\n<p>Tudo seria bem diferente se t\u00e3o grande capacidade intelectual fosse mobilizada a favor da proposta e da promo\u00e7\u00e3o de solu\u00e7\u00f5es vi\u00e1veis para o pa\u00eds; melhor seria ainda se tal capacidade atuasse n\u00e3o s\u00f3 internamente mas tamb\u00e9m no exterior, junto de inst\u00e2ncias comunit\u00e1rias e do FMI, bem como de organiza\u00e7\u00f5es partid\u00e1rias de \u00e2mbito europeu capazes de influenciar, a nosso favor, os nossos credores. A mobiliza\u00e7\u00e3o da capacidade intelectual \u00e9 perfeitamente compat\u00edvel com a discord\u00e2ncia e com a pr\u00f3pria contesta\u00e7\u00e3o leal; por\u00e9m, \u00e9 incompat\u00edvel com a redu\u00e7\u00e3o da atividade c\u00edvica \u00e0 contesta\u00e7\u00e3o sistem\u00e1tica e permanente.<\/p>\n","protected":false},"excerpt":{"rendered":"<p>Quest\u00f5es Sociais<\/p>\n","protected":false},"author":1,"featured_media":0,"comment_status":"open","ping_status":"open","sticky":false,"template":"","format":"standard","meta":{"footnotes":""},"categories":[62],"tags":[],"class_list":["post-24138","post","type-post","status-publish","format-standard","hentry","category-opiniao"],"_links":{"self":[{"href":"https:\/\/sites.ecclesia.pt\/cv\/wp-json\/wp\/v2\/posts\/24138","targetHints":{"allow":["GET"]}}],"collection":[{"href":"https:\/\/sites.ecclesia.pt\/cv\/wp-json\/wp\/v2\/posts"}],"about":[{"href":"https:\/\/sites.ecclesia.pt\/cv\/wp-json\/wp\/v2\/types\/post"}],"author":[{"embeddable":true,"href":"https:\/\/sites.ecclesia.pt\/cv\/wp-json\/wp\/v2\/users\/1"}],"replies":[{"embeddable":true,"href":"https:\/\/sites.ecclesia.pt\/cv\/wp-json\/wp\/v2\/comments?post=24138"}],"version-history":[{"count":0,"href":"https:\/\/sites.ecclesia.pt\/cv\/wp-json\/wp\/v2\/posts\/24138\/revisions"}],"wp:attachment":[{"href":"https:\/\/sites.ecclesia.pt\/cv\/wp-json\/wp\/v2\/media?parent=24138"}],"wp:term":[{"taxonomy":"category","embeddable":true,"href":"https:\/\/sites.ecclesia.pt\/cv\/wp-json\/wp\/v2\/categories?post=24138"},{"taxonomy":"post_tag","embeddable":true,"href":"https:\/\/sites.ecclesia.pt\/cv\/wp-json\/wp\/v2\/tags?post=24138"}],"curies":[{"name":"wp","href":"https:\/\/api.w.org\/{rel}","templated":true}]}}