{"id":24139,"date":"2013-01-23T16:29:00","date_gmt":"2013-01-23T16:29:00","guid":{"rendered":"http:\/\/localhost:81\/wp1\/?p=24139"},"modified":"2013-01-23T16:29:00","modified_gmt":"2013-01-23T16:29:00","slug":"na-imprensa-189","status":"publish","type":"post","link":"https:\/\/sites.ecclesia.pt\/cv\/na-imprensa-189\/","title":{"rendered":"Na Imprensa"},"content":{"rendered":"<p>Todos sabemos que o pa\u00eds est\u00e1 na \u201cunidade de cuidados intensivos\u201d, ligado \u00e0 m\u00e1quina da ajuda externa para sobreviver. Todos concordamos que temos uma crise grave e fundamental, que exige medidas profundas. Mas, logo a seguir a este consenso, grande quantidade dos analistas envereda por uma ilus\u00e3o c\u00f3moda, para evitar enfrentar a realidade. Muita gente est\u00e1 plenamente convencida que a crise se deve a um punhado de maus (corruptos, incompetentes, esbanjadores) e, pior, que basta elimin\u00e1-los para tudo ficar normal. Nas atuais circunst\u00e2ncias esta fantasia \u00e9 irresponsabilidade criminosa. Num momento t\u00e3o decisivo e doloroso, acreditar em tolices dessas s\u00f3 aumenta o sofrimento de tantos, prejudicando a urgente solu\u00e7\u00e3o do problema.<\/p>\n<p>Jo\u00e3o C\u00e9sar das Neves<\/p>\n<p>Di\u00e1rio de Not\u00edcias, 21-01-2013<\/p>\n<p>Portugal apoia a interven\u00e7\u00e3o francesa no Mali. N\u00e3o dever\u00e1 enviar tropas como para o Afeganist\u00e3o, mas apenas ajudar a formar os militares malianos. O resto da Europa pouco mais prometeu \u00e0 Fran\u00e7a, mas se esta tem obriga\u00e7\u00f5es por ser a antiga pot\u00eancia colonial, aquilo que se passar no Sara vai trazer consequ\u00eancias a todos.<\/p>\n<p>Leon\u00eddio Paulo Ferreira<\/p>\n<p>Di\u00e1rio de Not\u00edcias, 21-01-2013<\/p>\n<p>O dogma portugu\u00eas no sistema de pens\u00f5es, na educa\u00e7\u00e3o e na sa\u00fade \u00e9 tipicamente napole\u00f3nico: o Estado central define o que devem ser as presta\u00e7\u00f5es sociais, e ao mesmo tempo atua como provedor de servi\u00e7os e como regulador desses servi\u00e7os. Ou seja, ocupa todas as fun\u00e7\u00f5es e, idealmente, comanda tudo a partir do Terreiro do Pa\u00e7o. N\u00e3o tinha de ser assim, n\u00e3o tem de ser assim e dificilmente teremos, no futuro, um Estado social sustent\u00e1vel se mantivermos este modelo.<\/p>\n<p>Jos\u00e9 Manuel Fernandes<\/p>\n<p>P\u00fablico, 18-01-2013<\/p>\n<p>O Vaticano II, iniciativa de um papa que tinha os olhos postos no mundo em transforma\u00e7\u00e3o e no aggiornamento da Igreja, recuperou e alargou a geografia da esperan\u00e7a. Como e porqu\u00ea se perdeu este impulso?<\/p>\n<p>Bento Domingues<\/p>\n<p>P\u00fablico, 20-01-2013<\/p>\n","protected":false},"excerpt":{"rendered":"<p>Todos sabemos que o pa\u00eds est\u00e1 na \u201cunidade de cuidados intensivos\u201d, ligado \u00e0 m\u00e1quina da ajuda externa para sobreviver. Todos concordamos que temos uma crise grave e fundamental, que exige medidas profundas. Mas, logo a seguir a este consenso, grande quantidade dos analistas envereda por uma ilus\u00e3o c\u00f3moda, para evitar enfrentar a realidade. Muita gente [&hellip;]<\/p>\n","protected":false},"author":1,"featured_media":0,"comment_status":"open","ping_status":"open","sticky":false,"template":"","format":"standard","meta":{"footnotes":""},"categories":[62],"tags":[],"class_list":["post-24139","post","type-post","status-publish","format-standard","hentry","category-opiniao"],"_links":{"self":[{"href":"https:\/\/sites.ecclesia.pt\/cv\/wp-json\/wp\/v2\/posts\/24139","targetHints":{"allow":["GET"]}}],"collection":[{"href":"https:\/\/sites.ecclesia.pt\/cv\/wp-json\/wp\/v2\/posts"}],"about":[{"href":"https:\/\/sites.ecclesia.pt\/cv\/wp-json\/wp\/v2\/types\/post"}],"author":[{"embeddable":true,"href":"https:\/\/sites.ecclesia.pt\/cv\/wp-json\/wp\/v2\/users\/1"}],"replies":[{"embeddable":true,"href":"https:\/\/sites.ecclesia.pt\/cv\/wp-json\/wp\/v2\/comments?post=24139"}],"version-history":[{"count":0,"href":"https:\/\/sites.ecclesia.pt\/cv\/wp-json\/wp\/v2\/posts\/24139\/revisions"}],"wp:attachment":[{"href":"https:\/\/sites.ecclesia.pt\/cv\/wp-json\/wp\/v2\/media?parent=24139"}],"wp:term":[{"taxonomy":"category","embeddable":true,"href":"https:\/\/sites.ecclesia.pt\/cv\/wp-json\/wp\/v2\/categories?post=24139"},{"taxonomy":"post_tag","embeddable":true,"href":"https:\/\/sites.ecclesia.pt\/cv\/wp-json\/wp\/v2\/tags?post=24139"}],"curies":[{"name":"wp","href":"https:\/\/api.w.org\/{rel}","templated":true}]}}