{"id":24143,"date":"2013-01-30T14:51:00","date_gmt":"2013-01-30T14:51:00","guid":{"rendered":"http:\/\/localhost:81\/wp1\/?p=24143"},"modified":"2013-01-30T14:51:00","modified_gmt":"2013-01-30T14:51:00","slug":"presenca-e-comunhao","status":"publish","type":"post","link":"https:\/\/sites.ecclesia.pt\/cv\/presenca-e-comunhao\/","title":{"rendered":"Presen\u00e7a e Comunh\u00e3o"},"content":{"rendered":"<p>Nota Pastoral <!--more--> Somos diariamente tocados pelo sofrimento humano que, por variadas raz\u00f5es e em circunst\u00e2ncias diversas, atinge pessoas, fam\u00edlias e povos. Estes dias recentes e as \u00faltimas semanas foram disso express\u00e3o clara e experi\u00eancia dolorosa.<\/p>\n<p>Umas vezes \u00e9 a doen\u00e7a que d\u00f3i e faz sofrer, outras vezes s\u00e3o as prova\u00e7\u00f5es que magoam a alma, tiram a paz e roubam a esperan\u00e7a.<\/p>\n<p>Em alguns casos vemos v\u00edtimas inocentes ofendidas pelo \u00f3dio ou destru\u00eddas pela inveja e pela vingan\u00e7a, noutros casos s\u00e3o os acontecimentos inesperados, os acidentes surpreendentes ou os desastres naturais que arrastam vidas e destroem bens conseguidos com o suor sofrido de tantos anos e de muitas gera\u00e7\u00f5es.<\/p>\n<p>Foi a nossa regi\u00e3o de Aveiro, concretamente no espa\u00e7o geogr\u00e1fico e social da nossa Diocese, atingida pelas recentes intemp\u00e9ries que desfizeram bens e empobreceram fam\u00edlias e institui\u00e7\u00f5es, agora a bra\u00e7os com despesas inesperadas e acrescidas a juntar ao peso doloroso de situa\u00e7\u00f5es j\u00e1 anteriormente dif\u00edceis.<\/p>\n<p>Fazem-nos sofrer, tamb\u00e9m, os acidentes acontecidos ultimamente no mundo, no nosso pa\u00eds e na nossa terra que ceifaram a vida de crian\u00e7as, de jovens e de adultos, que nos deixam dor e saudade e tanta falta fazem \u00e0s suas fam\u00edlias e a todos n\u00f3s.<\/p>\n<p>Na impossibilidade de levar uma palavra pessoal a todos e de manifestar em gestos de proximidade o meu afecto fraterno a cada pessoa e a cada fam\u00edlia que est\u00e1 em sofrimento ou em luto, quero afirmar deste modo a minha presen\u00e7a e testemunhar a minha comunh\u00e3o na dor e na ora\u00e7\u00e3o ao Deus da vida, da fortaleza e da esperan\u00e7a.<\/p>\n<p>\u00c9, tamb\u00e9m, nestas horas de maior dificuldade, contratempo ou dor que mais se agiganta o valor da amizade, o testemunho da f\u00e9 e a grandeza do servi\u00e7o generoso e gratuito, pronto e decidido a favor dos que mais sofrem.<\/p>\n<p>Devo, por isso, prestar homenagem e gratid\u00e3o a tantos Volunt\u00e1rios do bem e da boa vontade que, de forma solid\u00e1ria e crist\u00e3, se fazem pr\u00f3ximos e irm\u00e3os dos que mais sofrem. Partilho estes mesmos sentimentos com as diferentes Associa\u00e7\u00f5es e diversas Institui\u00e7\u00f5es que, de muitos modos e com inexced\u00edvel solicitude, acorrem em momentos de sofrimento e de dificuldades junto das pessoas que deles precisam.<\/p>\n<p>A dor que os acontecimentos inesperados, os dramas humanos e sociais e as trag\u00e9dias da natureza transformam tantas vezes em terror que nos amedronta n\u00e3o podem aprisionar o dom da vida humana nem ferir a plenitude da esperan\u00e7a crist\u00e3. A vida permanece para l\u00e1 da morte e a esperan\u00e7a crist\u00e3 abre-nos a porta da eternidade feliz junto de Deus.<\/p>\n<p>O esp\u00edrito da Miss\u00e3o Jubilar que nos anima e mobiliza uma Diocese por inteiro faz-nos mais sens\u00edveis e presentes e torna-nos mais solid\u00e1rios e irm\u00e3os, sempre inspirados e fortalecidos pelas bem-aventuran\u00e7as do evangelho, na certeza de que, com a ajuda de Deus e com a dedica\u00e7\u00e3o dos irm\u00e3os: \u00abos que choram ser\u00e3o consolados\u00bb (Mt 5, 4).<\/p>\n<p>Nestas ocasi\u00f5es de experi\u00eancia dolorosa da fragilidade da vida, frente a situa\u00e7\u00f5es em que escasseiam todas as for\u00e7as e faltam saberes humanos e respostas necess\u00e1rias somos levados a perguntar: onde est\u00e1 Deus?<\/p>\n<p> Encontro Deus nestas horas, ainda que muitas vezes de forma silenciosa e discreta, na presen\u00e7a reconfortante daqueles que se sentem enviados em Seu nome e se fazem testemunhas da Sua ternura. <\/p>\n<p>Tantas vezes Deus se manifesta, nestes lugares de fronteira da exist\u00eancia humana e nestes momentos mais fr\u00e1geis e incompreens\u00edveis da vida, atrav\u00e9s do olhar atento de quem se aproxima de n\u00f3s, do cora\u00e7\u00e3o do irm\u00e3o que afaga a nossa dor, da vontade determinada de quem tudo faz pelo nosso bem e da f\u00e9 decidida de quem reza por n\u00f3s e connosco.<\/p>\n<p>Que assim saibamos todos ser presen\u00e7a de Deus e fazer em nome d\u2019Ele com a nossa comunh\u00e3o junto de quem sofre!<\/p>\n<p>Aveiro, 28 de Janeiro de 2013<\/p>\n<p>Ant\u00f3nio Francisco dos Santos, bispo de Aveiro<\/p>\n","protected":false},"excerpt":{"rendered":"<p>Nota Pastoral<\/p>\n","protected":false},"author":1,"featured_media":0,"comment_status":"open","ping_status":"open","sticky":false,"template":"","format":"standard","meta":{"footnotes":""},"categories":[70],"tags":[],"class_list":["post-24143","post","type-post","status-publish","format-standard","hentry","category-diocese"],"_links":{"self":[{"href":"https:\/\/sites.ecclesia.pt\/cv\/wp-json\/wp\/v2\/posts\/24143","targetHints":{"allow":["GET"]}}],"collection":[{"href":"https:\/\/sites.ecclesia.pt\/cv\/wp-json\/wp\/v2\/posts"}],"about":[{"href":"https:\/\/sites.ecclesia.pt\/cv\/wp-json\/wp\/v2\/types\/post"}],"author":[{"embeddable":true,"href":"https:\/\/sites.ecclesia.pt\/cv\/wp-json\/wp\/v2\/users\/1"}],"replies":[{"embeddable":true,"href":"https:\/\/sites.ecclesia.pt\/cv\/wp-json\/wp\/v2\/comments?post=24143"}],"version-history":[{"count":0,"href":"https:\/\/sites.ecclesia.pt\/cv\/wp-json\/wp\/v2\/posts\/24143\/revisions"}],"wp:attachment":[{"href":"https:\/\/sites.ecclesia.pt\/cv\/wp-json\/wp\/v2\/media?parent=24143"}],"wp:term":[{"taxonomy":"category","embeddable":true,"href":"https:\/\/sites.ecclesia.pt\/cv\/wp-json\/wp\/v2\/categories?post=24143"},{"taxonomy":"post_tag","embeddable":true,"href":"https:\/\/sites.ecclesia.pt\/cv\/wp-json\/wp\/v2\/tags?post=24143"}],"curies":[{"name":"wp","href":"https:\/\/api.w.org\/{rel}","templated":true}]}}