{"id":24144,"date":"2013-01-30T14:52:00","date_gmt":"2013-01-30T14:52:00","guid":{"rendered":"http:\/\/localhost:81\/wp1\/?p=24144"},"modified":"2013-01-30T14:52:00","modified_gmt":"2013-01-30T14:52:00","slug":"orgao-de-tubos-da-se-comecara-a-ser-montado-na-semana-da-pascoa","status":"publish","type":"post","link":"https:\/\/sites.ecclesia.pt\/cv\/orgao-de-tubos-da-se-comecara-a-ser-montado-na-semana-da-pascoa\/","title":{"rendered":"\u00d3rg\u00e3o de tubos da S\u00e9 come\u00e7ar\u00e1 a ser montado na semana da P\u00e1scoa"},"content":{"rendered":"<p>O \u00f3rg\u00e3o de tubos que est\u00e1 a ser constru\u00eddo na Hungria dever\u00e1 come\u00e7ar a ser montado na S\u00e9 de Aveiro logo a seguir a P\u00e1scoa, para estar conclu\u00eddo na altura da primeira Comunh\u00e3o da par\u00f3quia da Gl\u00f3ria, a 5 de maio, adiantou ao \u201cCorreio do Vouga\u201d P.e Fausto Oliveira, que na terceira semana de janeiro esteve na Hungria para acompanhar os trabalhos. <\/p>\n<p>Para montar o \u00f3rg\u00e3o em Aveiro, que implica a veda\u00e7\u00e3o tempor\u00e1ria do transepto direito, cinco oper\u00e1rios h\u00fangaros vir\u00e3o para Portugal. Atualmente s\u00e3o vinte os que trabalham no instrumento que colocar\u00e1 Aveiro no mapa da cultura musical organ\u00edstica, visto que j\u00e1 est\u00e3o programados diversos concertos para depois da inaugura\u00e7\u00e3o, que est\u00e1 marcada para 12 de julho.<\/p>\n<p>Para ajudar a financiar a constru\u00e7\u00e3o do \u00f3rg\u00e3o, que custa cerca de 250 mil euros, a par\u00f3quia da Gl\u00f3ria promove no dia 9 de fevereiro um jantar-conv\u00edvio de carnaval no Sal\u00e3o dos Bombeiros Velhos. Mais informa\u00e7\u00f5es e inscri\u00e7\u00f5es pelo telefone 234 422 182.<\/p>\n","protected":false},"excerpt":{"rendered":"<p>O \u00f3rg\u00e3o de tubos que est\u00e1 a ser constru\u00eddo na Hungria dever\u00e1 come\u00e7ar a ser montado na S\u00e9 de Aveiro logo a seguir a P\u00e1scoa, para estar conclu\u00eddo na altura da primeira Comunh\u00e3o da par\u00f3quia da Gl\u00f3ria, a 5 de maio, adiantou ao \u201cCorreio do Vouga\u201d P.e Fausto Oliveira, que na terceira semana de janeiro [&hellip;]<\/p>\n","protected":false},"author":1,"featured_media":0,"comment_status":"open","ping_status":"open","sticky":false,"template":"","format":"standard","meta":{"footnotes":""},"categories":[70],"tags":[],"class_list":["post-24144","post","type-post","status-publish","format-standard","hentry","category-diocese"],"_links":{"self":[{"href":"https:\/\/sites.ecclesia.pt\/cv\/wp-json\/wp\/v2\/posts\/24144","targetHints":{"allow":["GET"]}}],"collection":[{"href":"https:\/\/sites.ecclesia.pt\/cv\/wp-json\/wp\/v2\/posts"}],"about":[{"href":"https:\/\/sites.ecclesia.pt\/cv\/wp-json\/wp\/v2\/types\/post"}],"author":[{"embeddable":true,"href":"https:\/\/sites.ecclesia.pt\/cv\/wp-json\/wp\/v2\/users\/1"}],"replies":[{"embeddable":true,"href":"https:\/\/sites.ecclesia.pt\/cv\/wp-json\/wp\/v2\/comments?post=24144"}],"version-history":[{"count":0,"href":"https:\/\/sites.ecclesia.pt\/cv\/wp-json\/wp\/v2\/posts\/24144\/revisions"}],"wp:attachment":[{"href":"https:\/\/sites.ecclesia.pt\/cv\/wp-json\/wp\/v2\/media?parent=24144"}],"wp:term":[{"taxonomy":"category","embeddable":true,"href":"https:\/\/sites.ecclesia.pt\/cv\/wp-json\/wp\/v2\/categories?post=24144"},{"taxonomy":"post_tag","embeddable":true,"href":"https:\/\/sites.ecclesia.pt\/cv\/wp-json\/wp\/v2\/tags?post=24144"}],"curies":[{"name":"wp","href":"https:\/\/api.w.org\/{rel}","templated":true}]}}