{"id":24146,"date":"2013-01-30T14:59:00","date_gmt":"2013-01-30T14:59:00","guid":{"rendered":"http:\/\/localhost:81\/wp1\/?p=24146"},"modified":"2013-01-30T14:59:00","modified_gmt":"2013-01-30T14:59:00","slug":"papa-recorda-vitimas-do-holocausto","status":"publish","type":"post","link":"https:\/\/sites.ecclesia.pt\/cv\/papa-recorda-vitimas-do-holocausto\/","title":{"rendered":"Papa recorda v\u00edtimas do Holocausto"},"content":{"rendered":"<p>Bento XVI evoca \u201cDia da Mem\u00f3ria\u201d e liberta pombas brancas em gesto pela paz. Lembra tamb\u00e9m os que sofrem por causa da lepra.<\/p>\n<p>Bento XVI assinalou no Vaticano o \u201cDia da Mem\u00f3ria\u201d das v\u00edtimas do Holocausto nazi da II Guerra Mundial (1939-1945), pedindo que se superem quaisquer manifesta\u00e7\u00f5es de racismo.<\/p>\n<p>\u201cA mem\u00f3ria desta terr\u00edvel trag\u00e9dia, que atingiu t\u00e3o duramente sobretudo o povo judaico, deve representar para todos um alerta constante para que n\u00e3o se repitam os horrores do passado, se superem todas as formas de \u00f3dio e de racismo e se promovam o respeito e a dignidade da pessoa humana\u201d, disse, no domingo, durante a recita\u00e7\u00e3o da ora\u00e7\u00e3o do Angelus, desde a janela do seu apartamento, sobre a Pra\u00e7a de S\u00e3o Pedro.<\/p>\n<p>O encontro com milhares de peregrinos contou com a presen\u00e7a das crian\u00e7as e adolescentes da A\u00e7\u00e3o Cat\u00f3lica de Roma, numa \u201cCaravana da Paz\u201d.<\/p>\n<p>Dois dos jovens acompanharam o Papa, que lan\u00e7ou duas pombas brancas, como \u201cs\u00edmbolo do Esp\u00edrito de Deus que d\u00e1 a paz a quantos acolhem o seu amor\u201d. Bento XVI evocou ainda a jornada de intercess\u00e3o pela paz na Terra Santa, que decorreria na segunda-feira, e agradeceu a \u201cquantos a promovem em muitas partes do mundo\u201d.<\/p>\n<p>Dia mundial de luta<\/p>\n<p>contra a lepra<\/p>\n<p>Antes, o Papa tinha recordado a celebra\u00e7\u00e3o do 60.\u00ba dia mundial de luta contra a lepra, manifestando a sua proximidade \u00e0s pessoas que \u201csofrem por causa deste mal\u201d e encorajando investigadores, agentes de sa\u00fade e volunt\u00e1rios que trabalham no setor, em particular os que integram organiza\u00e7\u00f5es cat\u00f3licas e a Associa\u00e7\u00e3o Amigos de Raoul Follereau.<\/p>\n<p>De acordo com os \u00faltimos dados avan\u00e7ados pela Organiza\u00e7\u00e3o Mundial da Sa\u00fade, cerca de 220 mil pessoas contra\u00edram a lepra em 2011 e muitos desses casos novos foram diagnosticados quando a doen\u00e7a estava em fase avan\u00e7ada.<\/p>\n<p>A catequese com que Bento XVI iniciou o encontro de ora\u00e7\u00e3o sublinhou a import\u00e2ncia de ver no domingo um \u201cdia de descanso e da fam\u00edlia\u201d, com a necessidade de participar na missa.<\/p>\n<p>\u201cNo nosso tempo dispersivo e distra\u00eddo, o Evangelho convida-nos a interrogarmo-nos sobre a nossa capacidade de escuta\u201d, acrescentou.<\/p>\n<p>Bento XVI alerta para impacto da falta de f\u00e9 <\/p>\n<p>na validade do casamento cat\u00f3lico<\/p>\n<p>Bento XVI alertou s\u00e1bado para o poss\u00edvel impacto da \u201caus\u00eancia da f\u00e9\u201d na validade do casamento cat\u00f3lico, num encontro com os ju\u00edzes do tribunal da Rota Romana, da Santa S\u00e9.<\/p>\n<p>\u201cN\u00e3o quero sugerir nenhum automatismo f\u00e1cil entre falta de f\u00e9 e invalidade da uni\u00e3o matrimonial, mas colocar em relevo como essa falta, ainda que n\u00e3o necessariamente, afetar os bens do matrim\u00f3nio\u201d, disse o Papa, citado hoje pelo Servi\u00e7o de Informa\u00e7\u00e3o do Vaticano.<\/p>\n<p>O encontro, por ocasi\u00e3o da abertura do ano judicial, no dia 26 de janeiro, abordou a rela\u00e7\u00e3o entre \u201ca atual crise de f\u00e9\u201d, que Bento XVI diz afetar v\u00e1rias partes do mundo, e uma \u201can\u00e1loga crise da sociedade conjugal\u201d.<\/p>\n","protected":false},"excerpt":{"rendered":"<p>Bento XVI evoca \u201cDia da Mem\u00f3ria\u201d e liberta pombas brancas em gesto pela paz. Lembra tamb\u00e9m os que sofrem por causa da lepra. Bento XVI assinalou no Vaticano o \u201cDia da Mem\u00f3ria\u201d das v\u00edtimas do Holocausto nazi da II Guerra Mundial (1939-1945), pedindo que se superem quaisquer manifesta\u00e7\u00f5es de racismo. \u201cA mem\u00f3ria desta terr\u00edvel trag\u00e9dia, [&hellip;]<\/p>\n","protected":false},"author":1,"featured_media":0,"comment_status":"open","ping_status":"open","sticky":false,"template":"","format":"standard","meta":{"footnotes":""},"categories":[55],"tags":[],"class_list":["post-24146","post","type-post","status-publish","format-standard","hentry","category-igreja-no-mundo"],"_links":{"self":[{"href":"https:\/\/sites.ecclesia.pt\/cv\/wp-json\/wp\/v2\/posts\/24146","targetHints":{"allow":["GET"]}}],"collection":[{"href":"https:\/\/sites.ecclesia.pt\/cv\/wp-json\/wp\/v2\/posts"}],"about":[{"href":"https:\/\/sites.ecclesia.pt\/cv\/wp-json\/wp\/v2\/types\/post"}],"author":[{"embeddable":true,"href":"https:\/\/sites.ecclesia.pt\/cv\/wp-json\/wp\/v2\/users\/1"}],"replies":[{"embeddable":true,"href":"https:\/\/sites.ecclesia.pt\/cv\/wp-json\/wp\/v2\/comments?post=24146"}],"version-history":[{"count":0,"href":"https:\/\/sites.ecclesia.pt\/cv\/wp-json\/wp\/v2\/posts\/24146\/revisions"}],"wp:attachment":[{"href":"https:\/\/sites.ecclesia.pt\/cv\/wp-json\/wp\/v2\/media?parent=24146"}],"wp:term":[{"taxonomy":"category","embeddable":true,"href":"https:\/\/sites.ecclesia.pt\/cv\/wp-json\/wp\/v2\/categories?post=24146"},{"taxonomy":"post_tag","embeddable":true,"href":"https:\/\/sites.ecclesia.pt\/cv\/wp-json\/wp\/v2\/tags?post=24146"}],"curies":[{"name":"wp","href":"https:\/\/api.w.org\/{rel}","templated":true}]}}