{"id":24147,"date":"2013-01-30T15:02:00","date_gmt":"2013-01-30T15:02:00","guid":{"rendered":"http:\/\/localhost:81\/wp1\/?p=24147"},"modified":"2013-01-30T15:02:00","modified_gmt":"2013-01-30T15:02:00","slug":"eua-53","status":"publish","type":"post","link":"https:\/\/sites.ecclesia.pt\/cv\/eua-53\/","title":{"rendered":"EUA"},"content":{"rendered":"<p>Crist\u00e3os no Mundo <!--more--> Cerca de 650 mil manifestantes marcharam contra o aborto, na sexta-feira, 25, para assinalar o 40.\u00ba anivers\u00e1rio do caso \u201cRoe contra Wade\u201d, que legalizou o aborto neste pa\u00eds. O Papa uniu-se \u00e0 manifesta\u00e7\u00e3o com uma mensagem em ingl\u00eas na rede social Twitter: \u201cUno-me a quantos marcham pela vida e rezo para que os l\u00edderes pol\u00edticos protejam as crian\u00e7as n\u00e3o nascidas e promovam uma cultura da vida\u201d.<\/p>\n","protected":false},"excerpt":{"rendered":"<p>Crist\u00e3os no Mundo<\/p>\n","protected":false},"author":1,"featured_media":0,"comment_status":"open","ping_status":"open","sticky":false,"template":"","format":"standard","meta":{"footnotes":""},"categories":[55],"tags":[],"class_list":["post-24147","post","type-post","status-publish","format-standard","hentry","category-igreja-no-mundo"],"_links":{"self":[{"href":"https:\/\/sites.ecclesia.pt\/cv\/wp-json\/wp\/v2\/posts\/24147","targetHints":{"allow":["GET"]}}],"collection":[{"href":"https:\/\/sites.ecclesia.pt\/cv\/wp-json\/wp\/v2\/posts"}],"about":[{"href":"https:\/\/sites.ecclesia.pt\/cv\/wp-json\/wp\/v2\/types\/post"}],"author":[{"embeddable":true,"href":"https:\/\/sites.ecclesia.pt\/cv\/wp-json\/wp\/v2\/users\/1"}],"replies":[{"embeddable":true,"href":"https:\/\/sites.ecclesia.pt\/cv\/wp-json\/wp\/v2\/comments?post=24147"}],"version-history":[{"count":0,"href":"https:\/\/sites.ecclesia.pt\/cv\/wp-json\/wp\/v2\/posts\/24147\/revisions"}],"wp:attachment":[{"href":"https:\/\/sites.ecclesia.pt\/cv\/wp-json\/wp\/v2\/media?parent=24147"}],"wp:term":[{"taxonomy":"category","embeddable":true,"href":"https:\/\/sites.ecclesia.pt\/cv\/wp-json\/wp\/v2\/categories?post=24147"},{"taxonomy":"post_tag","embeddable":true,"href":"https:\/\/sites.ecclesia.pt\/cv\/wp-json\/wp\/v2\/tags?post=24147"}],"curies":[{"name":"wp","href":"https:\/\/api.w.org\/{rel}","templated":true}]}}