{"id":24148,"date":"2013-01-30T15:03:00","date_gmt":"2013-01-30T15:03:00","guid":{"rendered":"http:\/\/localhost:81\/wp1\/?p=24148"},"modified":"2013-01-30T15:03:00","modified_gmt":"2013-01-30T15:03:00","slug":"franca-28","status":"publish","type":"post","link":"https:\/\/sites.ecclesia.pt\/cv\/franca-28\/","title":{"rendered":"Fran\u00e7a"},"content":{"rendered":"<p>Crist\u00e3os no Mundo <!--more--> Depois da grande manifesta\u00e7\u00e3o em Paris, no dia 13, que juntou mais de meio milh\u00e3o de pessoas contra o projecto-lei do governo que pretende legalizar o \u201ccasamento\u201d entre pessoas do mesmo sexo, os cat\u00f3licos viveram no dia 25 de janeiro um dia de jejum e ora\u00e7\u00e3o pela Fran\u00e7a e pela fam\u00edlia. A iniciativa mereceu o apoio de alguns bispos, como o cardeal Barbarin (arcebispo de Lyon) e o n\u00fancio apost\u00f3lico em Paris.<\/p>\n","protected":false},"excerpt":{"rendered":"<p>Crist\u00e3os no Mundo<\/p>\n","protected":false},"author":1,"featured_media":0,"comment_status":"open","ping_status":"open","sticky":false,"template":"","format":"standard","meta":{"footnotes":""},"categories":[55],"tags":[],"class_list":["post-24148","post","type-post","status-publish","format-standard","hentry","category-igreja-no-mundo"],"_links":{"self":[{"href":"https:\/\/sites.ecclesia.pt\/cv\/wp-json\/wp\/v2\/posts\/24148","targetHints":{"allow":["GET"]}}],"collection":[{"href":"https:\/\/sites.ecclesia.pt\/cv\/wp-json\/wp\/v2\/posts"}],"about":[{"href":"https:\/\/sites.ecclesia.pt\/cv\/wp-json\/wp\/v2\/types\/post"}],"author":[{"embeddable":true,"href":"https:\/\/sites.ecclesia.pt\/cv\/wp-json\/wp\/v2\/users\/1"}],"replies":[{"embeddable":true,"href":"https:\/\/sites.ecclesia.pt\/cv\/wp-json\/wp\/v2\/comments?post=24148"}],"version-history":[{"count":0,"href":"https:\/\/sites.ecclesia.pt\/cv\/wp-json\/wp\/v2\/posts\/24148\/revisions"}],"wp:attachment":[{"href":"https:\/\/sites.ecclesia.pt\/cv\/wp-json\/wp\/v2\/media?parent=24148"}],"wp:term":[{"taxonomy":"category","embeddable":true,"href":"https:\/\/sites.ecclesia.pt\/cv\/wp-json\/wp\/v2\/categories?post=24148"},{"taxonomy":"post_tag","embeddable":true,"href":"https:\/\/sites.ecclesia.pt\/cv\/wp-json\/wp\/v2\/tags?post=24148"}],"curies":[{"name":"wp","href":"https:\/\/api.w.org\/{rel}","templated":true}]}}