{"id":24154,"date":"2013-01-30T15:30:00","date_gmt":"2013-01-30T15:30:00","guid":{"rendered":"http:\/\/localhost:81\/wp1\/?p=24154"},"modified":"2013-01-30T15:30:00","modified_gmt":"2013-01-30T15:30:00","slug":"redes-sociais-virtuais-o-que-sao","status":"publish","type":"post","link":"https:\/\/sites.ecclesia.pt\/cv\/redes-sociais-virtuais-o-que-sao\/","title":{"rendered":"Redes Sociais Virtuais &#8211; o que s\u00e3o?"},"content":{"rendered":"<p>No passado dia 24 de janeiro, dia da festa de S\u00e3o Francisco de Sales, padroeiro dos jornalistas, Bento XVI publicou a sua mensagem para o 47.\u00ba dia mundial das Comunica\u00e7\u00f5es Sociais, sob o t\u00edtulo \u201cRedes Sociais: portais de verdade e de f\u00e9; novos espa\u00e7os de evangeliza\u00e7\u00e3o\u201d. Apesar de ser um tema bastante em voga, esta semana vamos refletir um pouco sobre o que s\u00e3o as redes sociais. <\/p>\n<p>Todo o ser humano \u00e9 por natureza um ser social que necessita de estar em contacto com o outro. A rela\u00e7\u00e3o com o outro \u00e9 uma caracter\u00edstica intr\u00ednseca a toda a pessoa. No espa\u00e7o virtual o cen\u00e1rio n\u00e3o \u00e9 diferente, dado que estamos a falar de pessoas, mudando somente o campo de intera\u00e7\u00e3o. Uma enorme vantagem prende-se com o facto de a comunica\u00e7\u00e3o ser imediata, ultrapassando barreiras inimagin\u00e1veis. As redes sociais s\u00e3o, portanto, um reflexo dessa necessidade de comunica\u00e7\u00e3o, feita atrav\u00e9s da internet. A pessoa apresenta-se ao mundo virtual, atrav\u00e9s de p\u00e1ginas pessoais, blogues ou servi\u00e7os espec\u00edficos para esse efeito (facebook, twitter, tumblr, etc.), tudo isto, utilizando as mais recentes tecnologias ao n\u00edvel de som, texto e imagem.<\/p>\n<p>O grande objetivo presente na exist\u00eancia de uma rede social passa por permitir ao utilizador apresentar-se de um modo pessoal, expressando-se com outros ind\u00edviduos que partilhem interesses comuns. Portanto, os s\u00edtios na internet criados especificamente para o efeito foram concebidos para que os utilizadores partilhem informa\u00e7\u00f5es acerca de si (dados pessoais, opini\u00f5es e gostos pessoais \u2013 livros, m\u00fasicas, filmes), existindo normalmente a possibilidade de outros efetuarem coment\u00e1rios aos diversos assuntos colocados nesse espa\u00e7o virtual, criando assim a tal rede. <\/p>\n<p>A maioria destes servi\u00e7os \u00e9 fornecida de forma gratuita, sendo apenas necess\u00e1rio que o utilizador se registe num s\u00edtio web. Os dados pessoais s\u00e3o pedidos logo no ato da inscri\u00e7\u00e3o. No entanto, podemos escolher aqueles que pretendemos que fiquem vis\u00edveis para a comunidade. Atrav\u00e9s dos dados partilhados, procuram-se afinidades, denominadores comuns, criando assim a tal \u201crede de amig@s\u201d. Essa rede vai sendo alargada na medida em que os nossos amigos ficam vis\u00edveis aos amigos dos outros, o conceito \u201ctraz outro amigo tamb\u00e9m\u201d, no estado mais puro! <\/p>\n<p>Como facilmente podemos depreender, o conceito de amizade nas redes sociais \u00e9 usado de uma forma bastante alargada, sendo que qualquer semelhan\u00e7a com a realidade \u201cf\u00edsica\u201d, n\u00e3o passa disso mesmo.<\/p>\n<p>Assim, consideramos que, conforme refere Bento XVI, \u201cas redes sociais, para al\u00e9m de instrumento de evangeliza\u00e7\u00e3o, podem ser um fator de desenvolvimento humano.\u201d<\/p>\n<p>Fernando Cassola Marques<\/p>\n","protected":false},"excerpt":{"rendered":"<p>No passado dia 24 de janeiro, dia da festa de S\u00e3o Francisco de Sales, padroeiro dos jornalistas, Bento XVI publicou a sua mensagem para o 47.\u00ba dia mundial das Comunica\u00e7\u00f5es Sociais, sob o t\u00edtulo \u201cRedes Sociais: portais de verdade e de f\u00e9; novos espa\u00e7os de evangeliza\u00e7\u00e3o\u201d. Apesar de ser um tema bastante em voga, esta [&hellip;]<\/p>\n","protected":false},"author":1,"featured_media":0,"comment_status":"open","ping_status":"open","sticky":false,"template":"","format":"standard","meta":{"footnotes":""},"categories":[54],"tags":[],"class_list":["post-24154","post","type-post","status-publish","format-standard","hentry","category-livros-e-multimedia"],"_links":{"self":[{"href":"https:\/\/sites.ecclesia.pt\/cv\/wp-json\/wp\/v2\/posts\/24154","targetHints":{"allow":["GET"]}}],"collection":[{"href":"https:\/\/sites.ecclesia.pt\/cv\/wp-json\/wp\/v2\/posts"}],"about":[{"href":"https:\/\/sites.ecclesia.pt\/cv\/wp-json\/wp\/v2\/types\/post"}],"author":[{"embeddable":true,"href":"https:\/\/sites.ecclesia.pt\/cv\/wp-json\/wp\/v2\/users\/1"}],"replies":[{"embeddable":true,"href":"https:\/\/sites.ecclesia.pt\/cv\/wp-json\/wp\/v2\/comments?post=24154"}],"version-history":[{"count":0,"href":"https:\/\/sites.ecclesia.pt\/cv\/wp-json\/wp\/v2\/posts\/24154\/revisions"}],"wp:attachment":[{"href":"https:\/\/sites.ecclesia.pt\/cv\/wp-json\/wp\/v2\/media?parent=24154"}],"wp:term":[{"taxonomy":"category","embeddable":true,"href":"https:\/\/sites.ecclesia.pt\/cv\/wp-json\/wp\/v2\/categories?post=24154"},{"taxonomy":"post_tag","embeddable":true,"href":"https:\/\/sites.ecclesia.pt\/cv\/wp-json\/wp\/v2\/tags?post=24154"}],"curies":[{"name":"wp","href":"https:\/\/api.w.org\/{rel}","templated":true}]}}